{"id":1472,"date":"2016-09-22T10:42:53","date_gmt":"2016-09-22T10:42:53","guid":{"rendered":"https:\/\/www.catedraldepamplona.com\/eu\/?p=1472"},"modified":"2016-09-22T10:42:53","modified_gmt":"2016-09-22T10:42:53","slug":"apertura-del-ano-la-misericordia-navarra","status":"publish","type":"post","link":"https:\/\/www.catedraldepamplona.com\/eu\/categoria\/apertura-del-ano-la-misericordia-navarra\/","title":{"rendered":"Apertura del A\u00f1o de la Misericordia en Navarra"},"content":{"rendered":"<p>Este domingo 13 de diciembre, tercer domingo de adviento, a las 17 horas se celebrar\u00e1 en la catedral de Pamplona la apertura del A\u00f1o de la Misericordia en Navarra. Para ello, se realizar\u00e1 el rito de apertura de la Puerta de la Misericordia. Mons. Francisco P\u00e9rez presidir\u00e1 la celebraci\u00f3n, que se articular\u00e1 en cinco momentos: la &#8220;statio&#8221;, la procesi\u00f3n, la apertura de la Puerta de la misericordia y la entrada en la catedral, la memoria del Bautismo y la celebraci\u00f3n de la Eucarist\u00eda. El Jubileo Extraordinario de la Misericordia ha sido convocado por el Santo Padre Francisco \u00a0en la Bula Misericordiae Vultus.<\/p>\n","protected":false},"excerpt":{"rendered":"<p>Este domingo 13 de diciembre, tercer domingo de adviento, a las 17 horas se celebrar\u00e1 en la catedral de Pamplona la apertura del A\u00f1o de la Misericordia en Navarra. Para ello, se realizar\u00e1 el rito de apertura de la Puerta de la Misericordia. Mons. Francisco P\u00e9rez presidir\u00e1 la celebraci\u00f3n, que se articular\u00e1 en cinco momentos: la &#8220;statio&#8221;, la procesi\u00f3n, la apertura de la Puerta de la misericordia y la entrada en la catedral, la memoria del Bautismo y la celebraci\u00f3n de la Eucarist\u00eda. El Jubileo Extraordinario de la Misericordia ha sido convocado por el Santo Padre Francisco \u00a0en la Bula Misericordiae Vultus.<\/p>\n","protected":false},"author":1,"featured_media":0,"comment_status":"closed","ping_status":"closed","sticky":false,"template":"","format":"standard","meta":{"_monsterinsights_skip_tracking":false,"_monsterinsights_sitenote_active":false,"_monsterinsights_sitenote_note":"","_monsterinsights_sitenote_category":0},"categories":[5],"tags":[],"yoast_head":"<!-- This site is optimized with the Yoast SEO plugin v21.0 - https:\/\/yoast.com\/wordpress\/plugins\/seo\/ -->\n<title>Apertura del A\u00f1o de la Misericordia en Navarra - Catedral de Pamplona<\/title>\n<meta name=\"robots\" content=\"index, follow, max-snippet:-1, max-image-preview:large, max-video-preview:-1\" \/>\n<link rel=\"canonical\" href=\"https:\/\/www.catedraldepamplona.com\/categoria\/apertura-del-ano-de-la-misericordia-en-navarra\/\" \/>\n<meta property=\"og:locale\" content=\"en_US\" \/>\n<meta property=\"og:type\" content=\"article\" \/>\n<meta property=\"og:title\" content=\"Apertura del A\u00f1o de la Misericordia en Navarra - Catedral de Pamplona\" \/>\n<meta property=\"og:description\" content=\"Este domingo 13 de diciembre, tercer domingo de adviento, a las 17 horas se celebrar\u00e1 en la catedral de Pamplona la apertura del A\u00f1o de la Misericordia en Navarra. Para ello, se realizar\u00e1 el rito de apertura de la Puerta de la Misericordia. Mons. Francisco P\u00e9rez presidir\u00e1 la celebraci\u00f3n, que se articular\u00e1 en cinco momentos: la &#8220;statio&#8221;, la procesi\u00f3n, la apertura de la Puerta de la misericordia y la entrada en la catedral, la memoria del Bautismo y la celebraci\u00f3n de la Eucarist\u00eda. El Jubileo Extraordinario de la Misericordia ha sido convocado por el Santo Padre Francisco \u00a0en la Bula Misericordiae Vultus.\" \/>\n<meta property=\"og:url\" content=\"https:\/\/www.catedraldepamplona.com\/categoria\/apertura-del-ano-de-la-misericordia-en-navarra\/\" \/>\n<meta property=\"og:site_name\" content=\"Catedral de Pamplona\" \/>\n<meta property=\"article:published_time\" content=\"2016-09-22T10:42:53+00:00\" \/>\n<meta name=\"author\" content=\"catedral\" \/>\n<meta name=\"twitter:card\" content=\"summary_large_image\" \/>\n<meta name=\"twitter:label1\" content=\"Written by\" \/>\n\t<meta name=\"twitter:data1\" content=\"catedral\" \/>\n\t<meta name=\"twitter:label2\" content=\"Est. reading time\" \/>\n\t<meta name=\"twitter:data2\" content=\"1 minutua\" \/>\n<script type=\"application\/ld+json\" class=\"yoast-schema-graph\">{\"@context\":\"https:\/\/schema.org\",\"@graph\":[{\"@type\":\"WebPage\",\"@id\":\"https:\/\/www.catedraldepamplona.com\/categoria\/apertura-del-ano-de-la-misericordia-en-navarra\/\",\"url\":\"https:\/\/www.catedraldepamplona.com\/categoria\/apertura-del-ano-de-la-misericordia-en-navarra\/\",\"name\":\"Apertura del A\u00f1o de la Misericordia en Navarra - Catedral de Pamplona\",\"isPartOf\":{\"@id\":\"https:\/\/www.catedraldepamplona.com\/#website\"},\"datePublished\":\"2016-09-22T10:42:53+00:00\",\"dateModified\":\"2016-09-22T10:42:53+00:00\",\"author\":{\"@id\":\"https:\/\/www.catedraldepamplona.com\/#\/schema\/person\/8ac1d7dcf2f1b55f72889e7ec3ea8043\"},\"breadcrumb\":{\"@id\":\"https:\/\/www.catedraldepamplona.com\/categoria\/apertura-del-ano-de-la-misericordia-en-navarra\/#breadcrumb\"},\"inLanguage\":\"eu\",\"potentialAction\":[{\"@type\":\"ReadAction\",\"target\":[\"https:\/\/www.catedraldepamplona.com\/categoria\/apertura-del-ano-de-la-misericordia-en-navarra\/\"]}]},{\"@type\":\"BreadcrumbList\",\"@id\":\"https:\/\/www.catedraldepamplona.com\/categoria\/apertura-del-ano-de-la-misericordia-en-navarra\/#breadcrumb\",\"itemListElement\":[{\"@type\":\"ListItem\",\"position\":1,\"name\":\"Portada\",\"item\":\"https:\/\/www.catedraldepamplona.com\/eu\/\"},{\"@type\":\"ListItem\",\"position\":2,\"name\":\"Apertura del A\u00f1o de la Misericordia en Navarra\"}]},{\"@type\":\"WebSite\",\"@id\":\"https:\/\/www.catedraldepamplona.com\/#website\",\"url\":\"https:\/\/www.catedraldepamplona.com\/\",\"name\":\"Catedral de Pamplona\",\"description\":\"P\u00e1gina oficial de la Catedral de Pamplona\",\"potentialAction\":[{\"@type\":\"SearchAction\",\"target\":{\"@type\":\"EntryPoint\",\"urlTemplate\":\"https:\/\/www.catedraldepamplona.com\/?s={search_term_string}\"},\"query-input\":\"required name=search_term_string\"}],\"inLanguage\":\"eu\"},{\"@type\":\"Person\",\"@id\":\"https:\/\/www.catedraldepamplona.com\/#\/schema\/person\/8ac1d7dcf2f1b55f72889e7ec3ea8043\",\"name\":\"catedral\",\"image\":{\"@type\":\"ImageObject\",\"inLanguage\":\"eu\",\"@id\":\"https:\/\/www.catedraldepamplona.com\/#\/schema\/person\/image\/\",\"url\":\"https:\/\/secure.gravatar.com\/avatar\/b4968c4e1c867b5dca91dcc4e733aa71?s=96&d=mm&r=g\",\"contentUrl\":\"https:\/\/secure.gravatar.com\/avatar\/b4968c4e1c867b5dca91dcc4e733aa71?s=96&d=mm&r=g\",\"caption\":\"catedral\"},\"url\":\"https:\/\/www.catedraldepamplona.com\/eu\/author\/catedral\/\"}]}<\/script>\n<!-- \/ Yoast SEO plugin. -->","yoast_head_json":{"title":"Apertura del A\u00f1o de la Misericordia en Navarra - Catedral de Pamplona","robots":{"index":"index","follow":"follow","max-snippet":"max-snippet:-1","max-image-preview":"max-image-preview:large","max-video-preview":"max-video-preview:-1"},"canonical":"https:\/\/www.catedraldepamplona.com\/categoria\/apertura-del-ano-de-la-misericordia-en-navarra\/","og_locale":"en_US","og_type":"article","og_title":"Apertura del A\u00f1o de la Misericordia en Navarra - Catedral de Pamplona","og_description":"Este domingo 13 de diciembre, tercer domingo de adviento, a las 17 horas se celebrar\u00e1 en la catedral de Pamplona la apertura del A\u00f1o de la Misericordia en Navarra. Para ello, se realizar\u00e1 el rito de apertura de la Puerta de la Misericordia. Mons. Francisco P\u00e9rez presidir\u00e1 la celebraci\u00f3n, que se articular\u00e1 en cinco momentos: la &#8220;statio&#8221;, la procesi\u00f3n, la apertura de la Puerta de la misericordia y la entrada en la catedral, la memoria del Bautismo y la celebraci\u00f3n de la Eucarist\u00eda. El Jubileo Extraordinario de la Misericordia ha sido convocado por el Santo Padre Francisco \u00a0en la Bula Misericordiae Vultus.","og_url":"https:\/\/www.catedraldepamplona.com\/categoria\/apertura-del-ano-de-la-misericordia-en-navarra\/","og_site_name":"Catedral de Pamplona","article_published_time":"2016-09-22T10:42:53+00:00","author":"catedral","twitter_card":"summary_large_image","twitter_misc":{"Written by":"catedral","Est. reading time":"1 minutua"},"schema":{"@context":"https:\/\/schema.org","@graph":[{"@type":"WebPage","@id":"https:\/\/www.catedraldepamplona.com\/categoria\/apertura-del-ano-de-la-misericordia-en-navarra\/","url":"https:\/\/www.catedraldepamplona.com\/categoria\/apertura-del-ano-de-la-misericordia-en-navarra\/","name":"Apertura del A\u00f1o de la Misericordia en Navarra - Catedral de Pamplona","isPartOf":{"@id":"https:\/\/www.catedraldepamplona.com\/#website"},"datePublished":"2016-09-22T10:42:53+00:00","dateModified":"2016-09-22T10:42:53+00:00","author":{"@id":"https:\/\/www.catedraldepamplona.com\/#\/schema\/person\/8ac1d7dcf2f1b55f72889e7ec3ea8043"},"breadcrumb":{"@id":"https:\/\/www.catedraldepamplona.com\/categoria\/apertura-del-ano-de-la-misericordia-en-navarra\/#breadcrumb"},"inLanguage":"eu","potentialAction":[{"@type":"ReadAction","target":["https:\/\/www.catedraldepamplona.com\/categoria\/apertura-del-ano-de-la-misericordia-en-navarra\/"]}]},{"@type":"BreadcrumbList","@id":"https:\/\/www.catedraldepamplona.com\/categoria\/apertura-del-ano-de-la-misericordia-en-navarra\/#breadcrumb","itemListElement":[{"@type":"ListItem","position":1,"name":"Portada","item":"https:\/\/www.catedraldepamplona.com\/eu\/"},{"@type":"ListItem","position":2,"name":"Apertura del A\u00f1o de la Misericordia en Navarra"}]},{"@type":"WebSite","@id":"https:\/\/www.catedraldepamplona.com\/#website","url":"https:\/\/www.catedraldepamplona.com\/","name":"Catedral de Pamplona","description":"P\u00e1gina oficial de la Catedral de Pamplona","potentialAction":[{"@type":"SearchAction","target":{"@type":"EntryPoint","urlTemplate":"https:\/\/www.catedraldepamplona.com\/?s={search_term_string}"},"query-input":"required name=search_term_string"}],"inLanguage":"eu"},{"@type":"Person","@id":"https:\/\/www.catedraldepamplona.com\/#\/schema\/person\/8ac1d7dcf2f1b55f72889e7ec3ea8043","name":"catedral","image":{"@type":"ImageObject","inLanguage":"eu","@id":"https:\/\/www.catedraldepamplona.com\/#\/schema\/person\/image\/","url":"https:\/\/secure.gravatar.com\/avatar\/b4968c4e1c867b5dca91dcc4e733aa71?s=96&d=mm&r=g","contentUrl":"https:\/\/secure.gravatar.com\/avatar\/b4968c4e1c867b5dca91dcc4e733aa71?s=96&d=mm&r=g","caption":"catedral"},"url":"https:\/\/www.catedraldepamplona.com\/eu\/author\/catedral\/"}]}},"_links":{"self":[{"href":"https:\/\/www.catedraldepamplona.com\/eu\/wp-json\/wp\/v2\/posts\/1472"}],"collection":[{"href":"https:\/\/www.catedraldepamplona.com\/eu\/wp-json\/wp\/v2\/posts"}],"about":[{"href":"https:\/\/www.catedraldepamplona.com\/eu\/wp-json\/wp\/v2\/types\/post"}],"author":[{"embeddable":true,"href":"https:\/\/www.catedraldepamplona.com\/eu\/wp-json\/wp\/v2\/users\/1"}],"replies":[{"embeddable":true,"href":"https:\/\/www.catedraldepamplona.com\/eu\/wp-json\/wp\/v2\/comments?post=1472"}],"version-history":[{"count":1,"href":"https:\/\/www.catedraldepamplona.com\/eu\/wp-json\/wp\/v2\/posts\/1472\/revisions"}],"predecessor-version":[{"id":1473,"href":"https:\/\/www.catedraldepamplona.com\/eu\/wp-json\/wp\/v2\/posts\/1472\/revisions\/1473"}],"wp:attachment":[{"href":"https:\/\/www.catedraldepamplona.com\/eu\/wp-json\/wp\/v2\/media?parent=1472"}],"wp:term":[{"taxonomy":"category","embeddable":true,"href":"https:\/\/www.catedraldepamplona.com\/eu\/wp-json\/wp\/v2\/categories?post=1472"},{"taxonomy":"post_tag","embeddable":true,"href":"https:\/\/www.catedraldepamplona.com\/eu\/wp-json\/wp\/v2\/tags?post=1472"}],"curies":[{"name":"wp","href":"https:\/\/api.w.org\/{rel}","templated":true}]}}