{"id":1459,"date":"2016-09-22T10:41:27","date_gmt":"2016-09-22T10:41:27","guid":{"rendered":"https:\/\/www.catedraldepamplona.com\/eu\/?p=1459"},"modified":"2016-09-22T10:41:27","modified_gmt":"2016-09-22T10:41:27","slug":"museo-catedral-pamplona-occidens-recibio-69-441-visitantes-2015","status":"publish","type":"post","link":"https:\/\/www.catedraldepamplona.com\/eu\/categoria\/museo-catedral-pamplona-occidens-recibio-69-441-visitantes-2015\/","title":{"rendered":"El Museo Catedral de Pamplona Occidens recibi\u00f3 69.441 visitantes en 2015"},"content":{"rendered":"<p>El Museo Catedral de Pamplona Occidens recibi\u00f3 un total de 69.441 visitantes en 2015, lo que supone un 6,54% m\u00e1s que en 2014. Este es uno de los principales datos del memor\u00e1ndum de actividades del museo de 2015 que present\u00f3 su director y de\u00e1n de la Catedral, Carlos Ayerra el mi\u00e9rcoles 20 de enero en rueda de prensa.<\/p>\n<p>Ayerra destac\u00f3 tambi\u00e9n el r\u00e9cord de asistencia batido por el museo del conjunto catedralicio durante el verano con 29.242 visitantes, un 8% m\u00e1s que en 2014. En cuanto al origen de los visitantes, destacaron Madrid, Catalu\u00f1a, Comunidad Valenciana y Pa\u00eds Vasco en el apartado nacional; y Francia, Italia, Inglaterra y Alemania en el internacional.<\/p>\n<p>Otros datos relevantes fueron los 10.332 peregrinos visitaron el museo de la Catedral el a\u00f1o anterior lo que supuso un 14% m\u00e1s que en 2014; los 70 centros escolares de Pamplona y de otros municipios de Navarra que se acercaron a las instalaciones catedralicias o las 18 reuniones profesionales que tuvieron lugar en el Museo Catedral de Pamplona durante el a\u00f1o 2015. Tambi\u00e9n se se\u00f1al\u00f3 la adecuaci\u00f3n de la catedral en t\u00e9rminos de accesibilidad lo que ha permitido la visita de colectivos de personas con movilidad reducida.<\/p>\n<p>Otros hitos presentados en el memor\u00e1ndum son el estreno mundial de la primera misa sinf\u00f3nica flamenca o el lanzamiento de la tarjeta &#8220;Fidelis&#8221;. El director adelant\u00f3 las nuevas campa\u00f1as para 2016, &#8220;El coraz\u00f3n no paga&#8221; y &#8220;Familias de museo&#8221;, y se refiri\u00f3 tambi\u00e9n al nuevo proyecto para este a\u00f1o, &#8220;La catedral infantil&#8221;.<\/p>\n","protected":false},"excerpt":{"rendered":"<p>El Museo Catedral de Pamplona Occidens recibi\u00f3 un total de 69.441 visitantes en 2015, lo que supone un 6,54% m\u00e1s que en 2014. Este es uno de los principales datos del memor\u00e1ndum de actividades del museo de 2015 que present\u00f3 su director y de\u00e1n de la Catedral, Carlos Ayerra el mi\u00e9rcoles 20 de enero en rueda de prensa. Ayerra destac\u00f3 tambi\u00e9n el r\u00e9cord de asistencia batido por el museo del conjunto catedralicio durante el verano con 29.242 visitantes, un 8% m\u00e1s que en 2014. En cuanto al origen de los visitantes, destacaron Madrid, Catalu\u00f1a, Comunidad Valenciana y Pa\u00eds Vasco en el apartado nacional; y Francia, Italia, Inglaterra y Alemania en el internacional. Otros datos relevantes fueron los 10.332 peregrinos visitaron el museo de la Catedral el a\u00f1o anterior lo que supuso un 14% m\u00e1s que en 2014; los 70 centros escolares de Pamplona y de otros municipios de Navarra que se acercaron a las instalaciones catedralicias o las 18 reuniones profesionales que tuvieron lugar en el Museo Catedral de Pamplona durante el a\u00f1o 2015. Tambi\u00e9n se se\u00f1al\u00f3 la adecuaci\u00f3n de la catedral en t\u00e9rminos de accesibilidad lo que ha permitido la visita de colectivos de personas con movilidad reducida. Otros [&hellip;]<\/p>\n","protected":false},"author":1,"featured_media":0,"comment_status":"closed","ping_status":"closed","sticky":false,"template":"","format":"standard","meta":{"_monsterinsights_skip_tracking":false,"_monsterinsights_sitenote_active":false,"_monsterinsights_sitenote_note":"","_monsterinsights_sitenote_category":0},"categories":[5],"tags":[],"yoast_head":"<!-- This site is optimized with the Yoast SEO plugin v21.0 - https:\/\/yoast.com\/wordpress\/plugins\/seo\/ -->\n<title>El Museo Catedral de Pamplona Occidens recibi\u00f3 69.441 visitantes en 2015 - Catedral de Pamplona<\/title>\n<meta name=\"robots\" content=\"index, follow, max-snippet:-1, max-image-preview:large, max-video-preview:-1\" \/>\n<link rel=\"canonical\" href=\"https:\/\/www.catedraldepamplona.com\/categoria\/el-museo-catedral-de-pamplona-occidens-recibio-69-441-visitantes-en-2015\/\" \/>\n<meta property=\"og:locale\" content=\"en_US\" \/>\n<meta property=\"og:type\" content=\"article\" \/>\n<meta property=\"og:title\" content=\"El Museo Catedral de Pamplona Occidens recibi\u00f3 69.441 visitantes en 2015 - Catedral de Pamplona\" \/>\n<meta property=\"og:description\" content=\"El Museo Catedral de Pamplona Occidens recibi\u00f3 un total de 69.441 visitantes en 2015, lo que supone un 6,54% m\u00e1s que en 2014. Este es uno de los principales datos del memor\u00e1ndum de actividades del museo de 2015 que present\u00f3 su director y de\u00e1n de la Catedral, Carlos Ayerra el mi\u00e9rcoles 20 de enero en rueda de prensa. Ayerra destac\u00f3 tambi\u00e9n el r\u00e9cord de asistencia batido por el museo del conjunto catedralicio durante el verano con 29.242 visitantes, un 8% m\u00e1s que en 2014. En cuanto al origen de los visitantes, destacaron Madrid, Catalu\u00f1a, Comunidad Valenciana y Pa\u00eds Vasco en el apartado nacional; y Francia, Italia, Inglaterra y Alemania en el internacional. Otros datos relevantes fueron los 10.332 peregrinos visitaron el museo de la Catedral el a\u00f1o anterior lo que supuso un 14% m\u00e1s que en 2014; los 70 centros escolares de Pamplona y de otros municipios de Navarra que se acercaron a las instalaciones catedralicias o las 18 reuniones profesionales que tuvieron lugar en el Museo Catedral de Pamplona durante el a\u00f1o 2015. Tambi\u00e9n se se\u00f1al\u00f3 la adecuaci\u00f3n de la catedral en t\u00e9rminos de accesibilidad lo que ha permitido la visita de colectivos de personas con movilidad reducida. Otros [&hellip;]\" \/>\n<meta property=\"og:url\" content=\"https:\/\/www.catedraldepamplona.com\/categoria\/el-museo-catedral-de-pamplona-occidens-recibio-69-441-visitantes-en-2015\/\" \/>\n<meta property=\"og:site_name\" content=\"Catedral de Pamplona\" \/>\n<meta property=\"article:published_time\" content=\"2016-09-22T10:41:27+00:00\" \/>\n<meta name=\"author\" content=\"catedral\" \/>\n<meta name=\"twitter:card\" content=\"summary_large_image\" \/>\n<meta name=\"twitter:label1\" content=\"Written by\" \/>\n\t<meta name=\"twitter:data1\" content=\"catedral\" \/>\n\t<meta name=\"twitter:label2\" content=\"Est. reading time\" \/>\n\t<meta name=\"twitter:data2\" content=\"1 minutua\" \/>\n<script type=\"application\/ld+json\" class=\"yoast-schema-graph\">{\"@context\":\"https:\/\/schema.org\",\"@graph\":[{\"@type\":\"WebPage\",\"@id\":\"https:\/\/www.catedraldepamplona.com\/categoria\/el-museo-catedral-de-pamplona-occidens-recibio-69-441-visitantes-en-2015\/\",\"url\":\"https:\/\/www.catedraldepamplona.com\/categoria\/el-museo-catedral-de-pamplona-occidens-recibio-69-441-visitantes-en-2015\/\",\"name\":\"El Museo Catedral de Pamplona Occidens recibi\u00f3 69.441 visitantes en 2015 - Catedral de Pamplona\",\"isPartOf\":{\"@id\":\"https:\/\/www.catedraldepamplona.com\/#website\"},\"datePublished\":\"2016-09-22T10:41:27+00:00\",\"dateModified\":\"2016-09-22T10:41:27+00:00\",\"author\":{\"@id\":\"https:\/\/www.catedraldepamplona.com\/#\/schema\/person\/8ac1d7dcf2f1b55f72889e7ec3ea8043\"},\"breadcrumb\":{\"@id\":\"https:\/\/www.catedraldepamplona.com\/categoria\/el-museo-catedral-de-pamplona-occidens-recibio-69-441-visitantes-en-2015\/#breadcrumb\"},\"inLanguage\":\"eu\",\"potentialAction\":[{\"@type\":\"ReadAction\",\"target\":[\"https:\/\/www.catedraldepamplona.com\/categoria\/el-museo-catedral-de-pamplona-occidens-recibio-69-441-visitantes-en-2015\/\"]}]},{\"@type\":\"BreadcrumbList\",\"@id\":\"https:\/\/www.catedraldepamplona.com\/categoria\/el-museo-catedral-de-pamplona-occidens-recibio-69-441-visitantes-en-2015\/#breadcrumb\",\"itemListElement\":[{\"@type\":\"ListItem\",\"position\":1,\"name\":\"Portada\",\"item\":\"https:\/\/www.catedraldepamplona.com\/eu\/\"},{\"@type\":\"ListItem\",\"position\":2,\"name\":\"El Museo Catedral de Pamplona Occidens recibi\u00f3 69.441 visitantes en 2015\"}]},{\"@type\":\"WebSite\",\"@id\":\"https:\/\/www.catedraldepamplona.com\/#website\",\"url\":\"https:\/\/www.catedraldepamplona.com\/\",\"name\":\"Catedral de Pamplona\",\"description\":\"P\u00e1gina oficial de la Catedral de Pamplona\",\"potentialAction\":[{\"@type\":\"SearchAction\",\"target\":{\"@type\":\"EntryPoint\",\"urlTemplate\":\"https:\/\/www.catedraldepamplona.com\/?s={search_term_string}\"},\"query-input\":\"required name=search_term_string\"}],\"inLanguage\":\"eu\"},{\"@type\":\"Person\",\"@id\":\"https:\/\/www.catedraldepamplona.com\/#\/schema\/person\/8ac1d7dcf2f1b55f72889e7ec3ea8043\",\"name\":\"catedral\",\"image\":{\"@type\":\"ImageObject\",\"inLanguage\":\"eu\",\"@id\":\"https:\/\/www.catedraldepamplona.com\/#\/schema\/person\/image\/\",\"url\":\"https:\/\/secure.gravatar.com\/avatar\/b4968c4e1c867b5dca91dcc4e733aa71?s=96&d=mm&r=g\",\"contentUrl\":\"https:\/\/secure.gravatar.com\/avatar\/b4968c4e1c867b5dca91dcc4e733aa71?s=96&d=mm&r=g\",\"caption\":\"catedral\"},\"url\":\"https:\/\/www.catedraldepamplona.com\/eu\/author\/catedral\/\"}]}<\/script>\n<!-- \/ Yoast SEO plugin. -->","yoast_head_json":{"title":"El Museo Catedral de Pamplona Occidens recibi\u00f3 69.441 visitantes en 2015 - Catedral de Pamplona","robots":{"index":"index","follow":"follow","max-snippet":"max-snippet:-1","max-image-preview":"max-image-preview:large","max-video-preview":"max-video-preview:-1"},"canonical":"https:\/\/www.catedraldepamplona.com\/categoria\/el-museo-catedral-de-pamplona-occidens-recibio-69-441-visitantes-en-2015\/","og_locale":"en_US","og_type":"article","og_title":"El Museo Catedral de Pamplona Occidens recibi\u00f3 69.441 visitantes en 2015 - Catedral de Pamplona","og_description":"El Museo Catedral de Pamplona Occidens recibi\u00f3 un total de 69.441 visitantes en 2015, lo que supone un 6,54% m\u00e1s que en 2014. Este es uno de los principales datos del memor\u00e1ndum de actividades del museo de 2015 que present\u00f3 su director y de\u00e1n de la Catedral, Carlos Ayerra el mi\u00e9rcoles 20 de enero en rueda de prensa. Ayerra destac\u00f3 tambi\u00e9n el r\u00e9cord de asistencia batido por el museo del conjunto catedralicio durante el verano con 29.242 visitantes, un 8% m\u00e1s que en 2014. En cuanto al origen de los visitantes, destacaron Madrid, Catalu\u00f1a, Comunidad Valenciana y Pa\u00eds Vasco en el apartado nacional; y Francia, Italia, Inglaterra y Alemania en el internacional. Otros datos relevantes fueron los 10.332 peregrinos visitaron el museo de la Catedral el a\u00f1o anterior lo que supuso un 14% m\u00e1s que en 2014; los 70 centros escolares de Pamplona y de otros municipios de Navarra que se acercaron a las instalaciones catedralicias o las 18 reuniones profesionales que tuvieron lugar en el Museo Catedral de Pamplona durante el a\u00f1o 2015. Tambi\u00e9n se se\u00f1al\u00f3 la adecuaci\u00f3n de la catedral en t\u00e9rminos de accesibilidad lo que ha permitido la visita de colectivos de personas con movilidad reducida. Otros [&hellip;]","og_url":"https:\/\/www.catedraldepamplona.com\/categoria\/el-museo-catedral-de-pamplona-occidens-recibio-69-441-visitantes-en-2015\/","og_site_name":"Catedral de Pamplona","article_published_time":"2016-09-22T10:41:27+00:00","author":"catedral","twitter_card":"summary_large_image","twitter_misc":{"Written by":"catedral","Est. reading time":"1 minutua"},"schema":{"@context":"https:\/\/schema.org","@graph":[{"@type":"WebPage","@id":"https:\/\/www.catedraldepamplona.com\/categoria\/el-museo-catedral-de-pamplona-occidens-recibio-69-441-visitantes-en-2015\/","url":"https:\/\/www.catedraldepamplona.com\/categoria\/el-museo-catedral-de-pamplona-occidens-recibio-69-441-visitantes-en-2015\/","name":"El Museo Catedral de Pamplona Occidens recibi\u00f3 69.441 visitantes en 2015 - Catedral de Pamplona","isPartOf":{"@id":"https:\/\/www.catedraldepamplona.com\/#website"},"datePublished":"2016-09-22T10:41:27+00:00","dateModified":"2016-09-22T10:41:27+00:00","author":{"@id":"https:\/\/www.catedraldepamplona.com\/#\/schema\/person\/8ac1d7dcf2f1b55f72889e7ec3ea8043"},"breadcrumb":{"@id":"https:\/\/www.catedraldepamplona.com\/categoria\/el-museo-catedral-de-pamplona-occidens-recibio-69-441-visitantes-en-2015\/#breadcrumb"},"inLanguage":"eu","potentialAction":[{"@type":"ReadAction","target":["https:\/\/www.catedraldepamplona.com\/categoria\/el-museo-catedral-de-pamplona-occidens-recibio-69-441-visitantes-en-2015\/"]}]},{"@type":"BreadcrumbList","@id":"https:\/\/www.catedraldepamplona.com\/categoria\/el-museo-catedral-de-pamplona-occidens-recibio-69-441-visitantes-en-2015\/#breadcrumb","itemListElement":[{"@type":"ListItem","position":1,"name":"Portada","item":"https:\/\/www.catedraldepamplona.com\/eu\/"},{"@type":"ListItem","position":2,"name":"El Museo Catedral de Pamplona Occidens recibi\u00f3 69.441 visitantes en 2015"}]},{"@type":"WebSite","@id":"https:\/\/www.catedraldepamplona.com\/#website","url":"https:\/\/www.catedraldepamplona.com\/","name":"Catedral de Pamplona","description":"P\u00e1gina oficial de la Catedral de Pamplona","potentialAction":[{"@type":"SearchAction","target":{"@type":"EntryPoint","urlTemplate":"https:\/\/www.catedraldepamplona.com\/?s={search_term_string}"},"query-input":"required name=search_term_string"}],"inLanguage":"eu"},{"@type":"Person","@id":"https:\/\/www.catedraldepamplona.com\/#\/schema\/person\/8ac1d7dcf2f1b55f72889e7ec3ea8043","name":"catedral","image":{"@type":"ImageObject","inLanguage":"eu","@id":"https:\/\/www.catedraldepamplona.com\/#\/schema\/person\/image\/","url":"https:\/\/secure.gravatar.com\/avatar\/b4968c4e1c867b5dca91dcc4e733aa71?s=96&d=mm&r=g","contentUrl":"https:\/\/secure.gravatar.com\/avatar\/b4968c4e1c867b5dca91dcc4e733aa71?s=96&d=mm&r=g","caption":"catedral"},"url":"https:\/\/www.catedraldepamplona.com\/eu\/author\/catedral\/"}]}},"_links":{"self":[{"href":"https:\/\/www.catedraldepamplona.com\/eu\/wp-json\/wp\/v2\/posts\/1459"}],"collection":[{"href":"https:\/\/www.catedraldepamplona.com\/eu\/wp-json\/wp\/v2\/posts"}],"about":[{"href":"https:\/\/www.catedraldepamplona.com\/eu\/wp-json\/wp\/v2\/types\/post"}],"author":[{"embeddable":true,"href":"https:\/\/www.catedraldepamplona.com\/eu\/wp-json\/wp\/v2\/users\/1"}],"replies":[{"embeddable":true,"href":"https:\/\/www.catedraldepamplona.com\/eu\/wp-json\/wp\/v2\/comments?post=1459"}],"version-history":[{"count":1,"href":"https:\/\/www.catedraldepamplona.com\/eu\/wp-json\/wp\/v2\/posts\/1459\/revisions"}],"predecessor-version":[{"id":1460,"href":"https:\/\/www.catedraldepamplona.com\/eu\/wp-json\/wp\/v2\/posts\/1459\/revisions\/1460"}],"wp:attachment":[{"href":"https:\/\/www.catedraldepamplona.com\/eu\/wp-json\/wp\/v2\/media?parent=1459"}],"wp:term":[{"taxonomy":"category","embeddable":true,"href":"https:\/\/www.catedraldepamplona.com\/eu\/wp-json\/wp\/v2\/categories?post=1459"},{"taxonomy":"post_tag","embeddable":true,"href":"https:\/\/www.catedraldepamplona.com\/eu\/wp-json\/wp\/v2\/tags?post=1459"}],"curies":[{"name":"wp","href":"https:\/\/api.w.org\/{rel}","templated":true}]}}