{"id":1453,"date":"2016-09-22T10:41:01","date_gmt":"2016-09-22T10:41:01","guid":{"rendered":"https:\/\/www.catedraldepamplona.com\/eu\/?p=1453"},"modified":"2016-09-22T10:41:01","modified_gmt":"2016-09-22T10:41:01","slug":"semana-santa-la-catedral-pamplona","status":"publish","type":"post","link":"https:\/\/www.catedraldepamplona.com\/eu\/categoria\/semana-santa-la-catedral-pamplona\/","title":{"rendered":"Semana Santa en la Catedral de Pamplona"},"content":{"rendered":"<p class=\"p1\"><span class=\"s1\">Os presentamos la agenda de los eventos de la Cuaresma y la Semana Santa que se celebrar\u00e1n en la Catedral de Pamplona.\u00a0<\/span><\/p>\n<p>&nbsp;<\/p>\n<p class=\"p1\"><span class=\"s1\"><b>CUARESMA<\/b><\/span><\/p>\n<p class=\"p1\"><span class=\"s1\">El 11 de marzo (20.45 horas) se realizar\u00e1 el Traslado de\u00a0<a href=\"http:\/\/www.semanasantapamplona.org\/oldweb\/04f9399ed00c9431d\/04f9399ed00c97d40\/index.html\"><span class=\"s2\">Nuestra Se\u00f1ora de la Soledad<\/span><\/a>\u00a0a la Catedral de Pamplona desde la Iglesia de San Lorenzo. Del 12 al 18 de marzo tendr\u00e1 lugar el Septenario de la Soledad a las 20 horas. El Rosario de los Esclavos se celebrar\u00e1 previamente al Septenario a las 19.30 horas.<\/span><\/p>\n<p>&nbsp;<\/p>\n<p class=\"p1\"><span class=\"s1\"><b>SEMANA SANTA<\/b><\/span><\/p>\n<p class=\"p1\"><span class=\"s1\"><b>Domingo Santo<\/b><\/span><\/p>\n<p class=\"p1\"><span class=\"s1\">11.30 horas. Celebramos la Procesi\u00f3n del Domingo de Ramos que comenzar\u00e1 con la bendici\u00f3n de las palmas y los ramos en la Plaza de Santa Mar\u00eda la Real, junto al Palacio Arzobispal. Posteriormente, se acompa\u00f1ar\u00e1 al paso de la entrada de Jes\u00fas en Jerusal\u00e9n hasta la Catedral donde se celebrar\u00e1 la Eucarist\u00eda a las 12 horas.<\/span><\/p>\n<p class=\"p1\"><span class=\"s1\"><b>Mi\u00e9rcoles Santo<\/b><\/span><\/p>\n<p class=\"p1\"><span class=\"s1\">11.00 horas. Misa Crismal, donde el Se\u00f1or Arzobispo bendecir\u00e1 los Santos \u00d3leos y consagrar\u00e1 el Crisma.<\/span><\/p>\n<p class=\"p1\"><span class=\"s1\"><b>Jueves Santo<\/b><\/span><\/p>\n<p class=\"p1\"><span class=\"s1\">18.00 horas. Misa Vespertina de la Cena del Se\u00f1or (Misa In Coena Domini)<\/span><\/p>\n<p class=\"p1\"><span class=\"s1\"><b>Viernes Santo<\/b><\/span><\/p>\n<p class=\"p1\"><span class=\"s1\">9.00 horas. V\u00eda Crucis en el Claustro<\/span><\/p>\n<p class=\"p1\"><span class=\"s1\">11.30 horas. V\u00eda Crucis de las Hermanas de la Soledad<\/span><\/p>\n<p class=\"p1\"><span class=\"s1\">12.00 horas. Funci\u00f3n de las Siete Palabras<\/span><\/p>\n<p class=\"p1\"><span class=\"s1\">17.00 horas Celebraci\u00f3n de la Pasi\u00f3n y Muerte del Se\u00f1or<\/span><\/p>\n<p class=\"p1\"><span class=\"s1\">20.15 horas (aprox.). Salida de los pasos del Cristo Alzado y de La Dolorosa para unirse a la Procesi\u00f3n. Finalizada la Procesi\u00f3n tendr\u00e1 lugar el Retorno de La Dolorosa (hacia las 22.30 horas).<\/span><\/p>\n<p class=\"p1\"><span class=\"s1\"><b>S\u00e1bado Santo<\/b><\/span><\/p>\n<p class=\"p1\"><span class=\"s1\">22.00 horas Vigilia Pascual y Procesi\u00f3n del Encuentro<\/span><\/p>\n<p class=\"p1\"><span class=\"s1\"><b>Domingo de Resurrecci\u00f3n<\/b><\/span><\/p>\n<p class=\"p1\"><span class=\"s1\">12.00 horas. Solemne Misa de Pascua de Resurrecci\u00f3n<\/span><\/p>\n<p>&nbsp;<\/p>\n<p class=\"p1\"><span class=\"s1\"><b>FESTIVAL DE M\u00daSICA SACRA DEL AYUNTAMIENTO DE PAMPLONA<\/b><\/span><\/p>\n<p class=\"p1\"><span class=\"s1\">La Catedral de Pamplona ser\u00e1 uno de los escenarios del\u00a0<a href=\"http:\/\/www.pamplonaescultura.es\/events\/catedral-santa-maria-de-pamplona\/\"><span class=\"s2\">Festival de M\u00fasica Sacra<\/span><\/a>\u00a0que organiza el Ayuntamiento de Pamplona en torno a la Semana Santa. Los conciertos ser\u00e1n de entrada libre, previa retirada de invitaci\u00f3n una hora antes del comienzo (2 invitaciones por persona).<\/span><\/p>\n<p class=\"p1\"><span class=\"s1\"><b>Martes 22 de marzo, 20 horas<\/b><\/span><\/p>\n<p class=\"p1\"><span class=\"s1\">Catedral Santa Mar\u00eda de Pamplona<\/span><\/p>\n<p class=\"p1\"><span class=\"s1\">Tradici\u00f3n y estrenos:\u00a0Miserere (G. Allegri) y Las siete palabras (Th. Dubois)<\/span><\/p>\n<p class=\"p1\"><span class=\"s1\">Capilla de m\u00fasica de la Catedral y Orquesta de c\u00e1mara<\/span><\/p>\n<p class=\"p1\"><span class=\"s1\">Maestro de capilla: Aurelio Sagaseta<\/span><\/p>\n<p class=\"p1\"><span class=\"s1\">\u00a0<\/span><\/p>\n<p class=\"p1\"><span class=\"s1\"><b>Mi\u00e9rcoles 23 de marzo, 20 horas<\/b><\/span><\/p>\n<p class=\"p1\"><span class=\"s1\">Catedral Santa Mar\u00eda de Pamplona<\/span><\/p>\n<p class=\"p1\"><span class=\"s1\">Der romantische Bach<\/span><\/p>\n<p class=\"p1\"><span class=\"s1\">Coral de C\u00e1mara de Pamplona, Grupo vocal Elkhos y Orquesta de C\u00e1mara Pamplona XXI<\/span><\/p>\n<p class=\"p1\"><span class=\"s1\">Directores: David G\u00e1lvez y Carlos Gorricho<\/span><\/p>\n","protected":false},"excerpt":{"rendered":"<p>Os presentamos la agenda de los eventos de la Cuaresma y la Semana Santa que se celebrar\u00e1n en la Catedral de Pamplona.\u00a0 &nbsp; CUARESMA El 11 de marzo (20.45 horas) se realizar\u00e1 el Traslado de\u00a0Nuestra Se\u00f1ora de la Soledad\u00a0a la Catedral de Pamplona desde la Iglesia de San Lorenzo. Del 12 al 18 de marzo tendr\u00e1 lugar el Septenario de la Soledad a las 20 horas. El Rosario de los Esclavos se celebrar\u00e1 previamente al Septenario a las 19.30 horas. &nbsp; SEMANA SANTA Domingo Santo 11.30 horas. Celebramos la Procesi\u00f3n del Domingo de Ramos que comenzar\u00e1 con la bendici\u00f3n de las palmas y los ramos en la Plaza de Santa Mar\u00eda la Real, junto al Palacio Arzobispal. Posteriormente, se acompa\u00f1ar\u00e1 al paso de la entrada de Jes\u00fas en Jerusal\u00e9n hasta la Catedral donde se celebrar\u00e1 la Eucarist\u00eda a las 12 horas. Mi\u00e9rcoles Santo 11.00 horas. Misa Crismal, donde el Se\u00f1or Arzobispo bendecir\u00e1 los Santos \u00d3leos y consagrar\u00e1 el Crisma. Jueves Santo 18.00 horas. Misa Vespertina de la Cena del Se\u00f1or (Misa In Coena Domini) Viernes Santo 9.00 horas. V\u00eda Crucis en el Claustro 11.30 horas. V\u00eda Crucis de las Hermanas de la Soledad 12.00 horas. Funci\u00f3n de las Siete Palabras [&hellip;]<\/p>\n","protected":false},"author":1,"featured_media":0,"comment_status":"closed","ping_status":"closed","sticky":false,"template":"","format":"standard","meta":{"_monsterinsights_skip_tracking":false,"_monsterinsights_sitenote_active":false,"_monsterinsights_sitenote_note":"","_monsterinsights_sitenote_category":0},"categories":[5],"tags":[],"yoast_head":"<!-- This site is optimized with the Yoast SEO plugin v21.0 - https:\/\/yoast.com\/wordpress\/plugins\/seo\/ -->\n<title>Semana Santa en la Catedral de Pamplona - Catedral de Pamplona<\/title>\n<meta name=\"robots\" content=\"index, follow, max-snippet:-1, max-image-preview:large, max-video-preview:-1\" \/>\n<link rel=\"canonical\" href=\"https:\/\/www.catedraldepamplona.com\/categoria\/semana-santa-en-la-catedral-de-pamplona\/\" \/>\n<meta property=\"og:locale\" content=\"en_US\" \/>\n<meta property=\"og:type\" content=\"article\" \/>\n<meta property=\"og:title\" content=\"Semana Santa en la Catedral de Pamplona - Catedral de Pamplona\" \/>\n<meta property=\"og:description\" content=\"Os presentamos la agenda de los eventos de la Cuaresma y la Semana Santa que se celebrar\u00e1n en la Catedral de Pamplona.\u00a0 &nbsp; CUARESMA El 11 de marzo (20.45 horas) se realizar\u00e1 el Traslado de\u00a0Nuestra Se\u00f1ora de la Soledad\u00a0a la Catedral de Pamplona desde la Iglesia de San Lorenzo. Del 12 al 18 de marzo tendr\u00e1 lugar el Septenario de la Soledad a las 20 horas. El Rosario de los Esclavos se celebrar\u00e1 previamente al Septenario a las 19.30 horas. &nbsp; SEMANA SANTA Domingo Santo 11.30 horas. Celebramos la Procesi\u00f3n del Domingo de Ramos que comenzar\u00e1 con la bendici\u00f3n de las palmas y los ramos en la Plaza de Santa Mar\u00eda la Real, junto al Palacio Arzobispal. Posteriormente, se acompa\u00f1ar\u00e1 al paso de la entrada de Jes\u00fas en Jerusal\u00e9n hasta la Catedral donde se celebrar\u00e1 la Eucarist\u00eda a las 12 horas. Mi\u00e9rcoles Santo 11.00 horas. Misa Crismal, donde el Se\u00f1or Arzobispo bendecir\u00e1 los Santos \u00d3leos y consagrar\u00e1 el Crisma. Jueves Santo 18.00 horas. Misa Vespertina de la Cena del Se\u00f1or (Misa In Coena Domini) Viernes Santo 9.00 horas. V\u00eda Crucis en el Claustro 11.30 horas. V\u00eda Crucis de las Hermanas de la Soledad 12.00 horas. Funci\u00f3n de las Siete Palabras [&hellip;]\" \/>\n<meta property=\"og:url\" content=\"https:\/\/www.catedraldepamplona.com\/categoria\/semana-santa-en-la-catedral-de-pamplona\/\" \/>\n<meta property=\"og:site_name\" content=\"Catedral de Pamplona\" \/>\n<meta property=\"article:published_time\" content=\"2016-09-22T10:41:01+00:00\" \/>\n<meta name=\"author\" content=\"catedral\" \/>\n<meta name=\"twitter:card\" content=\"summary_large_image\" \/>\n<meta name=\"twitter:label1\" content=\"Written by\" \/>\n\t<meta name=\"twitter:data1\" content=\"catedral\" \/>\n\t<meta name=\"twitter:label2\" content=\"Est. reading time\" \/>\n\t<meta name=\"twitter:data2\" content=\"2 minutua\" \/>\n<script type=\"application\/ld+json\" class=\"yoast-schema-graph\">{\"@context\":\"https:\/\/schema.org\",\"@graph\":[{\"@type\":\"WebPage\",\"@id\":\"https:\/\/www.catedraldepamplona.com\/categoria\/semana-santa-en-la-catedral-de-pamplona\/\",\"url\":\"https:\/\/www.catedraldepamplona.com\/categoria\/semana-santa-en-la-catedral-de-pamplona\/\",\"name\":\"Semana Santa en la Catedral de Pamplona - Catedral de Pamplona\",\"isPartOf\":{\"@id\":\"https:\/\/www.catedraldepamplona.com\/#website\"},\"datePublished\":\"2016-09-22T10:41:01+00:00\",\"dateModified\":\"2016-09-22T10:41:01+00:00\",\"author\":{\"@id\":\"https:\/\/www.catedraldepamplona.com\/#\/schema\/person\/8ac1d7dcf2f1b55f72889e7ec3ea8043\"},\"breadcrumb\":{\"@id\":\"https:\/\/www.catedraldepamplona.com\/categoria\/semana-santa-en-la-catedral-de-pamplona\/#breadcrumb\"},\"inLanguage\":\"eu\",\"potentialAction\":[{\"@type\":\"ReadAction\",\"target\":[\"https:\/\/www.catedraldepamplona.com\/categoria\/semana-santa-en-la-catedral-de-pamplona\/\"]}]},{\"@type\":\"BreadcrumbList\",\"@id\":\"https:\/\/www.catedraldepamplona.com\/categoria\/semana-santa-en-la-catedral-de-pamplona\/#breadcrumb\",\"itemListElement\":[{\"@type\":\"ListItem\",\"position\":1,\"name\":\"Portada\",\"item\":\"https:\/\/www.catedraldepamplona.com\/eu\/\"},{\"@type\":\"ListItem\",\"position\":2,\"name\":\"Semana Santa en la Catedral de Pamplona\"}]},{\"@type\":\"WebSite\",\"@id\":\"https:\/\/www.catedraldepamplona.com\/#website\",\"url\":\"https:\/\/www.catedraldepamplona.com\/\",\"name\":\"Catedral de Pamplona\",\"description\":\"P\u00e1gina oficial de la Catedral de Pamplona\",\"potentialAction\":[{\"@type\":\"SearchAction\",\"target\":{\"@type\":\"EntryPoint\",\"urlTemplate\":\"https:\/\/www.catedraldepamplona.com\/?s={search_term_string}\"},\"query-input\":\"required name=search_term_string\"}],\"inLanguage\":\"eu\"},{\"@type\":\"Person\",\"@id\":\"https:\/\/www.catedraldepamplona.com\/#\/schema\/person\/8ac1d7dcf2f1b55f72889e7ec3ea8043\",\"name\":\"catedral\",\"image\":{\"@type\":\"ImageObject\",\"inLanguage\":\"eu\",\"@id\":\"https:\/\/www.catedraldepamplona.com\/#\/schema\/person\/image\/\",\"url\":\"https:\/\/secure.gravatar.com\/avatar\/b4968c4e1c867b5dca91dcc4e733aa71?s=96&d=mm&r=g\",\"contentUrl\":\"https:\/\/secure.gravatar.com\/avatar\/b4968c4e1c867b5dca91dcc4e733aa71?s=96&d=mm&r=g\",\"caption\":\"catedral\"},\"url\":\"https:\/\/www.catedraldepamplona.com\/eu\/author\/catedral\/\"}]}<\/script>\n<!-- \/ Yoast SEO plugin. -->","yoast_head_json":{"title":"Semana Santa en la Catedral de Pamplona - Catedral de Pamplona","robots":{"index":"index","follow":"follow","max-snippet":"max-snippet:-1","max-image-preview":"max-image-preview:large","max-video-preview":"max-video-preview:-1"},"canonical":"https:\/\/www.catedraldepamplona.com\/categoria\/semana-santa-en-la-catedral-de-pamplona\/","og_locale":"en_US","og_type":"article","og_title":"Semana Santa en la Catedral de Pamplona - Catedral de Pamplona","og_description":"Os presentamos la agenda de los eventos de la Cuaresma y la Semana Santa que se celebrar\u00e1n en la Catedral de Pamplona.\u00a0 &nbsp; CUARESMA El 11 de marzo (20.45 horas) se realizar\u00e1 el Traslado de\u00a0Nuestra Se\u00f1ora de la Soledad\u00a0a la Catedral de Pamplona desde la Iglesia de San Lorenzo. Del 12 al 18 de marzo tendr\u00e1 lugar el Septenario de la Soledad a las 20 horas. El Rosario de los Esclavos se celebrar\u00e1 previamente al Septenario a las 19.30 horas. &nbsp; SEMANA SANTA Domingo Santo 11.30 horas. Celebramos la Procesi\u00f3n del Domingo de Ramos que comenzar\u00e1 con la bendici\u00f3n de las palmas y los ramos en la Plaza de Santa Mar\u00eda la Real, junto al Palacio Arzobispal. Posteriormente, se acompa\u00f1ar\u00e1 al paso de la entrada de Jes\u00fas en Jerusal\u00e9n hasta la Catedral donde se celebrar\u00e1 la Eucarist\u00eda a las 12 horas. Mi\u00e9rcoles Santo 11.00 horas. Misa Crismal, donde el Se\u00f1or Arzobispo bendecir\u00e1 los Santos \u00d3leos y consagrar\u00e1 el Crisma. Jueves Santo 18.00 horas. Misa Vespertina de la Cena del Se\u00f1or (Misa In Coena Domini) Viernes Santo 9.00 horas. V\u00eda Crucis en el Claustro 11.30 horas. V\u00eda Crucis de las Hermanas de la Soledad 12.00 horas. Funci\u00f3n de las Siete Palabras [&hellip;]","og_url":"https:\/\/www.catedraldepamplona.com\/categoria\/semana-santa-en-la-catedral-de-pamplona\/","og_site_name":"Catedral de Pamplona","article_published_time":"2016-09-22T10:41:01+00:00","author":"catedral","twitter_card":"summary_large_image","twitter_misc":{"Written by":"catedral","Est. reading time":"2 minutua"},"schema":{"@context":"https:\/\/schema.org","@graph":[{"@type":"WebPage","@id":"https:\/\/www.catedraldepamplona.com\/categoria\/semana-santa-en-la-catedral-de-pamplona\/","url":"https:\/\/www.catedraldepamplona.com\/categoria\/semana-santa-en-la-catedral-de-pamplona\/","name":"Semana Santa en la Catedral de Pamplona - Catedral de Pamplona","isPartOf":{"@id":"https:\/\/www.catedraldepamplona.com\/#website"},"datePublished":"2016-09-22T10:41:01+00:00","dateModified":"2016-09-22T10:41:01+00:00","author":{"@id":"https:\/\/www.catedraldepamplona.com\/#\/schema\/person\/8ac1d7dcf2f1b55f72889e7ec3ea8043"},"breadcrumb":{"@id":"https:\/\/www.catedraldepamplona.com\/categoria\/semana-santa-en-la-catedral-de-pamplona\/#breadcrumb"},"inLanguage":"eu","potentialAction":[{"@type":"ReadAction","target":["https:\/\/www.catedraldepamplona.com\/categoria\/semana-santa-en-la-catedral-de-pamplona\/"]}]},{"@type":"BreadcrumbList","@id":"https:\/\/www.catedraldepamplona.com\/categoria\/semana-santa-en-la-catedral-de-pamplona\/#breadcrumb","itemListElement":[{"@type":"ListItem","position":1,"name":"Portada","item":"https:\/\/www.catedraldepamplona.com\/eu\/"},{"@type":"ListItem","position":2,"name":"Semana Santa en la Catedral de Pamplona"}]},{"@type":"WebSite","@id":"https:\/\/www.catedraldepamplona.com\/#website","url":"https:\/\/www.catedraldepamplona.com\/","name":"Catedral de Pamplona","description":"P\u00e1gina oficial de la Catedral de Pamplona","potentialAction":[{"@type":"SearchAction","target":{"@type":"EntryPoint","urlTemplate":"https:\/\/www.catedraldepamplona.com\/?s={search_term_string}"},"query-input":"required name=search_term_string"}],"inLanguage":"eu"},{"@type":"Person","@id":"https:\/\/www.catedraldepamplona.com\/#\/schema\/person\/8ac1d7dcf2f1b55f72889e7ec3ea8043","name":"catedral","image":{"@type":"ImageObject","inLanguage":"eu","@id":"https:\/\/www.catedraldepamplona.com\/#\/schema\/person\/image\/","url":"https:\/\/secure.gravatar.com\/avatar\/b4968c4e1c867b5dca91dcc4e733aa71?s=96&d=mm&r=g","contentUrl":"https:\/\/secure.gravatar.com\/avatar\/b4968c4e1c867b5dca91dcc4e733aa71?s=96&d=mm&r=g","caption":"catedral"},"url":"https:\/\/www.catedraldepamplona.com\/eu\/author\/catedral\/"}]}},"_links":{"self":[{"href":"https:\/\/www.catedraldepamplona.com\/eu\/wp-json\/wp\/v2\/posts\/1453"}],"collection":[{"href":"https:\/\/www.catedraldepamplona.com\/eu\/wp-json\/wp\/v2\/posts"}],"about":[{"href":"https:\/\/www.catedraldepamplona.com\/eu\/wp-json\/wp\/v2\/types\/post"}],"author":[{"embeddable":true,"href":"https:\/\/www.catedraldepamplona.com\/eu\/wp-json\/wp\/v2\/users\/1"}],"replies":[{"embeddable":true,"href":"https:\/\/www.catedraldepamplona.com\/eu\/wp-json\/wp\/v2\/comments?post=1453"}],"version-history":[{"count":1,"href":"https:\/\/www.catedraldepamplona.com\/eu\/wp-json\/wp\/v2\/posts\/1453\/revisions"}],"predecessor-version":[{"id":1454,"href":"https:\/\/www.catedraldepamplona.com\/eu\/wp-json\/wp\/v2\/posts\/1453\/revisions\/1454"}],"wp:attachment":[{"href":"https:\/\/www.catedraldepamplona.com\/eu\/wp-json\/wp\/v2\/media?parent=1453"}],"wp:term":[{"taxonomy":"category","embeddable":true,"href":"https:\/\/www.catedraldepamplona.com\/eu\/wp-json\/wp\/v2\/categories?post=1453"},{"taxonomy":"post_tag","embeddable":true,"href":"https:\/\/www.catedraldepamplona.com\/eu\/wp-json\/wp\/v2\/tags?post=1453"}],"curies":[{"name":"wp","href":"https:\/\/api.w.org\/{rel}","templated":true}]}}