{"id":1380,"date":"2016-09-22T10:34:24","date_gmt":"2016-09-22T10:34:24","guid":{"rendered":"https:\/\/www.catedraldepamplona.com\/eu\/?p=1380"},"modified":"2016-09-22T10:34:24","modified_gmt":"2016-09-22T10:34:24","slug":"primer-semestre-2016-trae-record-visitantes-al-museo-catedral-pamplona","status":"publish","type":"post","link":"https:\/\/www.catedraldepamplona.com\/eu\/categoria\/primer-semestre-2016-trae-record-visitantes-al-museo-catedral-pamplona\/","title":{"rendered":"El primer semestre de 2016 trae r\u00e9cord de visitantes al Museo Catedral de Pamplona"},"content":{"rendered":"<p>El Museo Catedral de Pamplona Occidens ha recibido a cerca de 32.000 visitantes en el primer semestre de 2016, lo que supone un r\u00e9cord de visitas, superando en m\u00e1s de cuatro mil a la cifra obtenida en el mismo periodo de tiempo del a\u00f1o pasado. Hasta el momento, 4507 peregrinos han hecho patente su presencia en las horas de apertura del museo, cifra que tambi\u00e9n ha experimentado un 11% de aumento. Ha sido el mejor mes de junio de toda la serie hist\u00f3rica desde la apertura del museo catedralicio.<\/p>\n<p>La actividad escolar, incrementada por la apertura de la <a href=\"http:\/\/www.catedralinfantil.com\" target=\"_blank\">Catedral Infantil<\/a>, los colectivos enfocados hacia el mundo del arte y las reuniones congresuales y solidarias son una de las bases de esas cifras. Las perspectivas para los meses de verano inducen a pensar que el resto del a\u00f1o el Museo seguir\u00e1 contando con la presencia de turistas tanto nacionales como extranjeros as\u00ed como de visitas multitudinarias de instituciones culturales ubicadas en autonom\u00edas cercanas.<\/p>\n<h2>Cerrado por sanfermines<\/h2>\n<p>Por otro lado, y como ya es habitual, el museo permanecer\u00e1 cerrado desde el martes, 5 de julio hasta el d\u00eda 15, ambos inclusive. El s\u00e1bado, 16 de julio, volver\u00e1 a su <a href=\"https:\/\/www.catedraldepamplona.com\/museo\/entrada-y-horarios\/\" target=\"_blank\">horario habitual<\/a> de 10,30 a 18 horas.<\/p>\n","protected":false},"excerpt":{"rendered":"<p>El Museo Catedral de Pamplona Occidens ha recibido a cerca de 32.000 visitantes en el primer semestre de 2016, lo que supone un r\u00e9cord de visitas, superando en m\u00e1s de cuatro mil a la cifra obtenida en el mismo periodo de tiempo del a\u00f1o pasado. Hasta el momento, 4507 peregrinos han hecho patente su presencia en las horas de apertura del museo, cifra que tambi\u00e9n ha experimentado un 11% de aumento. Ha sido el mejor mes de junio de toda la serie hist\u00f3rica desde la apertura del museo catedralicio. La actividad escolar, incrementada por la apertura de la Catedral Infantil, los colectivos enfocados hacia el mundo del arte y las reuniones congresuales y solidarias son una de las bases de esas cifras. Las perspectivas para los meses de verano inducen a pensar que el resto del a\u00f1o el Museo seguir\u00e1 contando con la presencia de turistas tanto nacionales como extranjeros as\u00ed como de visitas multitudinarias de instituciones culturales ubicadas en autonom\u00edas cercanas. Cerrado por sanfermines Por otro lado, y como ya es habitual, el museo permanecer\u00e1 cerrado desde el martes, 5 de julio hasta el d\u00eda 15, ambos inclusive. El s\u00e1bado, 16 de julio, volver\u00e1 a su horario habitual de [&hellip;]<\/p>\n","protected":false},"author":1,"featured_media":0,"comment_status":"closed","ping_status":"closed","sticky":false,"template":"","format":"standard","meta":{"_monsterinsights_skip_tracking":false,"_monsterinsights_sitenote_active":false,"_monsterinsights_sitenote_note":"","_monsterinsights_sitenote_category":0},"categories":[5],"tags":[],"yoast_head":"<!-- This site is optimized with the Yoast SEO plugin v21.0 - https:\/\/yoast.com\/wordpress\/plugins\/seo\/ -->\n<title>El primer semestre de 2016 trae r\u00e9cord de visitantes al Museo Catedral de Pamplona - Catedral de Pamplona<\/title>\n<meta name=\"robots\" content=\"index, follow, max-snippet:-1, max-image-preview:large, max-video-preview:-1\" \/>\n<link rel=\"canonical\" href=\"https:\/\/www.catedraldepamplona.com\/categoria\/el-primer-semestre-de-2016-trae-record-de-visitantes-al-museo-catedral-de-pamplona\/\" \/>\n<meta property=\"og:locale\" content=\"en_US\" \/>\n<meta property=\"og:type\" content=\"article\" \/>\n<meta property=\"og:title\" content=\"El primer semestre de 2016 trae r\u00e9cord de visitantes al Museo Catedral de Pamplona - Catedral de Pamplona\" \/>\n<meta property=\"og:description\" content=\"El Museo Catedral de Pamplona Occidens ha recibido a cerca de 32.000 visitantes en el primer semestre de 2016, lo que supone un r\u00e9cord de visitas, superando en m\u00e1s de cuatro mil a la cifra obtenida en el mismo periodo de tiempo del a\u00f1o pasado. Hasta el momento, 4507 peregrinos han hecho patente su presencia en las horas de apertura del museo, cifra que tambi\u00e9n ha experimentado un 11% de aumento. Ha sido el mejor mes de junio de toda la serie hist\u00f3rica desde la apertura del museo catedralicio. La actividad escolar, incrementada por la apertura de la Catedral Infantil, los colectivos enfocados hacia el mundo del arte y las reuniones congresuales y solidarias son una de las bases de esas cifras. Las perspectivas para los meses de verano inducen a pensar que el resto del a\u00f1o el Museo seguir\u00e1 contando con la presencia de turistas tanto nacionales como extranjeros as\u00ed como de visitas multitudinarias de instituciones culturales ubicadas en autonom\u00edas cercanas. Cerrado por sanfermines Por otro lado, y como ya es habitual, el museo permanecer\u00e1 cerrado desde el martes, 5 de julio hasta el d\u00eda 15, ambos inclusive. El s\u00e1bado, 16 de julio, volver\u00e1 a su horario habitual de [&hellip;]\" \/>\n<meta property=\"og:url\" content=\"https:\/\/www.catedraldepamplona.com\/categoria\/el-primer-semestre-de-2016-trae-record-de-visitantes-al-museo-catedral-de-pamplona\/\" \/>\n<meta property=\"og:site_name\" content=\"Catedral de Pamplona\" \/>\n<meta property=\"article:published_time\" content=\"2016-09-22T10:34:24+00:00\" \/>\n<meta name=\"author\" content=\"catedral\" \/>\n<meta name=\"twitter:card\" content=\"summary_large_image\" \/>\n<meta name=\"twitter:label1\" content=\"Written by\" \/>\n\t<meta name=\"twitter:data1\" content=\"catedral\" \/>\n\t<meta name=\"twitter:label2\" content=\"Est. reading time\" \/>\n\t<meta name=\"twitter:data2\" content=\"1 minutua\" \/>\n<script type=\"application\/ld+json\" class=\"yoast-schema-graph\">{\"@context\":\"https:\/\/schema.org\",\"@graph\":[{\"@type\":\"WebPage\",\"@id\":\"https:\/\/www.catedraldepamplona.com\/categoria\/el-primer-semestre-de-2016-trae-record-de-visitantes-al-museo-catedral-de-pamplona\/\",\"url\":\"https:\/\/www.catedraldepamplona.com\/categoria\/el-primer-semestre-de-2016-trae-record-de-visitantes-al-museo-catedral-de-pamplona\/\",\"name\":\"El primer semestre de 2016 trae r\u00e9cord de visitantes al Museo Catedral de Pamplona - Catedral de Pamplona\",\"isPartOf\":{\"@id\":\"https:\/\/www.catedraldepamplona.com\/#website\"},\"datePublished\":\"2016-09-22T10:34:24+00:00\",\"dateModified\":\"2016-09-22T10:34:24+00:00\",\"author\":{\"@id\":\"https:\/\/www.catedraldepamplona.com\/#\/schema\/person\/8ac1d7dcf2f1b55f72889e7ec3ea8043\"},\"breadcrumb\":{\"@id\":\"https:\/\/www.catedraldepamplona.com\/categoria\/el-primer-semestre-de-2016-trae-record-de-visitantes-al-museo-catedral-de-pamplona\/#breadcrumb\"},\"inLanguage\":\"eu\",\"potentialAction\":[{\"@type\":\"ReadAction\",\"target\":[\"https:\/\/www.catedraldepamplona.com\/categoria\/el-primer-semestre-de-2016-trae-record-de-visitantes-al-museo-catedral-de-pamplona\/\"]}]},{\"@type\":\"BreadcrumbList\",\"@id\":\"https:\/\/www.catedraldepamplona.com\/categoria\/el-primer-semestre-de-2016-trae-record-de-visitantes-al-museo-catedral-de-pamplona\/#breadcrumb\",\"itemListElement\":[{\"@type\":\"ListItem\",\"position\":1,\"name\":\"Portada\",\"item\":\"https:\/\/www.catedraldepamplona.com\/eu\/\"},{\"@type\":\"ListItem\",\"position\":2,\"name\":\"El primer semestre de 2016 trae r\u00e9cord de visitantes al Museo Catedral de Pamplona\"}]},{\"@type\":\"WebSite\",\"@id\":\"https:\/\/www.catedraldepamplona.com\/#website\",\"url\":\"https:\/\/www.catedraldepamplona.com\/\",\"name\":\"Catedral de Pamplona\",\"description\":\"P\u00e1gina oficial de la Catedral de Pamplona\",\"potentialAction\":[{\"@type\":\"SearchAction\",\"target\":{\"@type\":\"EntryPoint\",\"urlTemplate\":\"https:\/\/www.catedraldepamplona.com\/?s={search_term_string}\"},\"query-input\":\"required name=search_term_string\"}],\"inLanguage\":\"eu\"},{\"@type\":\"Person\",\"@id\":\"https:\/\/www.catedraldepamplona.com\/#\/schema\/person\/8ac1d7dcf2f1b55f72889e7ec3ea8043\",\"name\":\"catedral\",\"image\":{\"@type\":\"ImageObject\",\"inLanguage\":\"eu\",\"@id\":\"https:\/\/www.catedraldepamplona.com\/#\/schema\/person\/image\/\",\"url\":\"https:\/\/secure.gravatar.com\/avatar\/b4968c4e1c867b5dca91dcc4e733aa71?s=96&d=mm&r=g\",\"contentUrl\":\"https:\/\/secure.gravatar.com\/avatar\/b4968c4e1c867b5dca91dcc4e733aa71?s=96&d=mm&r=g\",\"caption\":\"catedral\"},\"url\":\"https:\/\/www.catedraldepamplona.com\/eu\/author\/catedral\/\"}]}<\/script>\n<!-- \/ Yoast SEO plugin. -->","yoast_head_json":{"title":"El primer semestre de 2016 trae r\u00e9cord de visitantes al Museo Catedral de Pamplona - Catedral de Pamplona","robots":{"index":"index","follow":"follow","max-snippet":"max-snippet:-1","max-image-preview":"max-image-preview:large","max-video-preview":"max-video-preview:-1"},"canonical":"https:\/\/www.catedraldepamplona.com\/categoria\/el-primer-semestre-de-2016-trae-record-de-visitantes-al-museo-catedral-de-pamplona\/","og_locale":"en_US","og_type":"article","og_title":"El primer semestre de 2016 trae r\u00e9cord de visitantes al Museo Catedral de Pamplona - Catedral de Pamplona","og_description":"El Museo Catedral de Pamplona Occidens ha recibido a cerca de 32.000 visitantes en el primer semestre de 2016, lo que supone un r\u00e9cord de visitas, superando en m\u00e1s de cuatro mil a la cifra obtenida en el mismo periodo de tiempo del a\u00f1o pasado. Hasta el momento, 4507 peregrinos han hecho patente su presencia en las horas de apertura del museo, cifra que tambi\u00e9n ha experimentado un 11% de aumento. Ha sido el mejor mes de junio de toda la serie hist\u00f3rica desde la apertura del museo catedralicio. La actividad escolar, incrementada por la apertura de la Catedral Infantil, los colectivos enfocados hacia el mundo del arte y las reuniones congresuales y solidarias son una de las bases de esas cifras. Las perspectivas para los meses de verano inducen a pensar que el resto del a\u00f1o el Museo seguir\u00e1 contando con la presencia de turistas tanto nacionales como extranjeros as\u00ed como de visitas multitudinarias de instituciones culturales ubicadas en autonom\u00edas cercanas. Cerrado por sanfermines Por otro lado, y como ya es habitual, el museo permanecer\u00e1 cerrado desde el martes, 5 de julio hasta el d\u00eda 15, ambos inclusive. El s\u00e1bado, 16 de julio, volver\u00e1 a su horario habitual de [&hellip;]","og_url":"https:\/\/www.catedraldepamplona.com\/categoria\/el-primer-semestre-de-2016-trae-record-de-visitantes-al-museo-catedral-de-pamplona\/","og_site_name":"Catedral de Pamplona","article_published_time":"2016-09-22T10:34:24+00:00","author":"catedral","twitter_card":"summary_large_image","twitter_misc":{"Written by":"catedral","Est. reading time":"1 minutua"},"schema":{"@context":"https:\/\/schema.org","@graph":[{"@type":"WebPage","@id":"https:\/\/www.catedraldepamplona.com\/categoria\/el-primer-semestre-de-2016-trae-record-de-visitantes-al-museo-catedral-de-pamplona\/","url":"https:\/\/www.catedraldepamplona.com\/categoria\/el-primer-semestre-de-2016-trae-record-de-visitantes-al-museo-catedral-de-pamplona\/","name":"El primer semestre de 2016 trae r\u00e9cord de visitantes al Museo Catedral de Pamplona - Catedral de Pamplona","isPartOf":{"@id":"https:\/\/www.catedraldepamplona.com\/#website"},"datePublished":"2016-09-22T10:34:24+00:00","dateModified":"2016-09-22T10:34:24+00:00","author":{"@id":"https:\/\/www.catedraldepamplona.com\/#\/schema\/person\/8ac1d7dcf2f1b55f72889e7ec3ea8043"},"breadcrumb":{"@id":"https:\/\/www.catedraldepamplona.com\/categoria\/el-primer-semestre-de-2016-trae-record-de-visitantes-al-museo-catedral-de-pamplona\/#breadcrumb"},"inLanguage":"eu","potentialAction":[{"@type":"ReadAction","target":["https:\/\/www.catedraldepamplona.com\/categoria\/el-primer-semestre-de-2016-trae-record-de-visitantes-al-museo-catedral-de-pamplona\/"]}]},{"@type":"BreadcrumbList","@id":"https:\/\/www.catedraldepamplona.com\/categoria\/el-primer-semestre-de-2016-trae-record-de-visitantes-al-museo-catedral-de-pamplona\/#breadcrumb","itemListElement":[{"@type":"ListItem","position":1,"name":"Portada","item":"https:\/\/www.catedraldepamplona.com\/eu\/"},{"@type":"ListItem","position":2,"name":"El primer semestre de 2016 trae r\u00e9cord de visitantes al Museo Catedral de Pamplona"}]},{"@type":"WebSite","@id":"https:\/\/www.catedraldepamplona.com\/#website","url":"https:\/\/www.catedraldepamplona.com\/","name":"Catedral de Pamplona","description":"P\u00e1gina oficial de la Catedral de Pamplona","potentialAction":[{"@type":"SearchAction","target":{"@type":"EntryPoint","urlTemplate":"https:\/\/www.catedraldepamplona.com\/?s={search_term_string}"},"query-input":"required name=search_term_string"}],"inLanguage":"eu"},{"@type":"Person","@id":"https:\/\/www.catedraldepamplona.com\/#\/schema\/person\/8ac1d7dcf2f1b55f72889e7ec3ea8043","name":"catedral","image":{"@type":"ImageObject","inLanguage":"eu","@id":"https:\/\/www.catedraldepamplona.com\/#\/schema\/person\/image\/","url":"https:\/\/secure.gravatar.com\/avatar\/b4968c4e1c867b5dca91dcc4e733aa71?s=96&d=mm&r=g","contentUrl":"https:\/\/secure.gravatar.com\/avatar\/b4968c4e1c867b5dca91dcc4e733aa71?s=96&d=mm&r=g","caption":"catedral"},"url":"https:\/\/www.catedraldepamplona.com\/eu\/author\/catedral\/"}]}},"_links":{"self":[{"href":"https:\/\/www.catedraldepamplona.com\/eu\/wp-json\/wp\/v2\/posts\/1380"}],"collection":[{"href":"https:\/\/www.catedraldepamplona.com\/eu\/wp-json\/wp\/v2\/posts"}],"about":[{"href":"https:\/\/www.catedraldepamplona.com\/eu\/wp-json\/wp\/v2\/types\/post"}],"author":[{"embeddable":true,"href":"https:\/\/www.catedraldepamplona.com\/eu\/wp-json\/wp\/v2\/users\/1"}],"replies":[{"embeddable":true,"href":"https:\/\/www.catedraldepamplona.com\/eu\/wp-json\/wp\/v2\/comments?post=1380"}],"version-history":[{"count":1,"href":"https:\/\/www.catedraldepamplona.com\/eu\/wp-json\/wp\/v2\/posts\/1380\/revisions"}],"predecessor-version":[{"id":1381,"href":"https:\/\/www.catedraldepamplona.com\/eu\/wp-json\/wp\/v2\/posts\/1380\/revisions\/1381"}],"wp:attachment":[{"href":"https:\/\/www.catedraldepamplona.com\/eu\/wp-json\/wp\/v2\/media?parent=1380"}],"wp:term":[{"taxonomy":"category","embeddable":true,"href":"https:\/\/www.catedraldepamplona.com\/eu\/wp-json\/wp\/v2\/categories?post=1380"},{"taxonomy":"post_tag","embeddable":true,"href":"https:\/\/www.catedraldepamplona.com\/eu\/wp-json\/wp\/v2\/tags?post=1380"}],"curies":[{"name":"wp","href":"https:\/\/api.w.org\/{rel}","templated":true}]}}