{"id":1352,"date":"2016-09-22T10:32:05","date_gmt":"2016-09-22T10:32:05","guid":{"rendered":"https:\/\/www.catedraldepamplona.com\/eu\/?p=1352"},"modified":"2016-09-22T10:32:05","modified_gmt":"2016-09-22T10:32:05","slug":"celebracion-la-natividad-la-virgen-privilegio-la-union","status":"publish","type":"post","link":"https:\/\/www.catedraldepamplona.com\/eu\/categoria\/celebracion-la-natividad-la-virgen-privilegio-la-union\/","title":{"rendered":"Celebraci\u00f3n de la Natividad de la Virgen y el Privilegio de la Uni\u00f3n"},"content":{"rendered":"<p><span lang=\"ES\">La Catedral de Pamplona acoger\u00e1 el 8 de septiembre la Misa de la Natividad de la Virgen y en conmemoraci\u00f3n del Privilegio de la Uni\u00f3n, que incluir\u00e1 un responso ante el mausoleo de los reyes <a href=\"https:\/\/www.catedraldepamplona.com\/el-museo\/nombres-propios\/\" target=\"_blank\">Carlos III y Leonor de Trast\u00e1mara<\/a>. La Eucarist\u00eda, que tendr\u00e1 lugar a las 17 horas, estar\u00e1 presidida por el Arzobispo don Francisco junto con el Cabildo catedralicio. A la conclusi\u00f3n de la misa, a las 18.45 horas, se proceder\u00e1 a la ofrenda floral por parte de la corporaci\u00f3n municipal. En la misma, participar\u00e1 la Capilla de M\u00fasica de la Catedral de Pamplona y el Ensemble de Chirim\u00edas Miguel de Arr\u00f3zpide.<\/span><\/p>\n<h2>Carlos III y la catedral de Pamplona<\/h2>\n<p>El rey Carlos III, adem\u00e1s de otorgar el Privilegio de la Uni\u00f3n a las tres poblaciones que conformaban la actual Pamplona el 8 de septiembre de 1423, fue el responsable del templo g\u00f3tico de la catedral. A ra\u00edz de unas obras, el coro y el templo rom\u00e1nico se hundieron y Carlos III mand\u00f3 edificar el actual templo, labor que termin\u00f3 su hija, la reina Blanca de Navarra.<\/p>\n<p><span lang=\"ES\">En su testamento, Carlos III orden\u00f3 que se le diera sepultura en la catedral de Pamplona \u201cen el coro de la dicha iglessia de\u00e7agua la sepultura del rrey nuestro seynnor et padre\u201d.<\/span><\/p>\n<p><span lang=\"ES\">Con motivo de la celebraci\u00f3n de los actos del Privilegio de la Uni\u00f3n, el horario del Museo el 8 de septiembre ser\u00e1 de 10:30 hasta las 15:00 horas (taquilla) y a las 16:00 horas tendr\u00e1 lugar el cierre definitivo de las estancias.<\/span><\/p>\n","protected":false},"excerpt":{"rendered":"<p>La Catedral de Pamplona acoger\u00e1 el 8 de septiembre la Misa de la Natividad de la Virgen y en conmemoraci\u00f3n del Privilegio de la Uni\u00f3n, que incluir\u00e1 un responso ante el mausoleo de los reyes Carlos III y Leonor de Trast\u00e1mara. La Eucarist\u00eda, que tendr\u00e1 lugar a las 17 horas, estar\u00e1 presidida por el Arzobispo don Francisco junto con el Cabildo catedralicio. A la conclusi\u00f3n de la misa, a las 18.45 horas, se proceder\u00e1 a la ofrenda floral por parte de la corporaci\u00f3n municipal. En la misma, participar\u00e1 la Capilla de M\u00fasica de la Catedral de Pamplona y el Ensemble de Chirim\u00edas Miguel de Arr\u00f3zpide. Carlos III y la catedral de Pamplona El rey Carlos III, adem\u00e1s de otorgar el Privilegio de la Uni\u00f3n a las tres poblaciones que conformaban la actual Pamplona el 8 de septiembre de 1423, fue el responsable del templo g\u00f3tico de la catedral. A ra\u00edz de unas obras, el coro y el templo rom\u00e1nico se hundieron y Carlos III mand\u00f3 edificar el actual templo, labor que termin\u00f3 su hija, la reina Blanca de Navarra. En su testamento, Carlos III orden\u00f3 que se le diera sepultura en la catedral de Pamplona \u201cen el coro de la [&hellip;]<\/p>\n","protected":false},"author":1,"featured_media":0,"comment_status":"closed","ping_status":"closed","sticky":false,"template":"","format":"standard","meta":{"_monsterinsights_skip_tracking":false,"_monsterinsights_sitenote_active":false,"_monsterinsights_sitenote_note":"","_monsterinsights_sitenote_category":0},"categories":[5],"tags":[],"yoast_head":"<!-- This site is optimized with the Yoast SEO plugin v21.0 - https:\/\/yoast.com\/wordpress\/plugins\/seo\/ -->\n<title>Celebraci\u00f3n de la Natividad de la Virgen y el Privilegio de la Uni\u00f3n - Catedral de Pamplona<\/title>\n<meta name=\"robots\" content=\"index, follow, max-snippet:-1, max-image-preview:large, max-video-preview:-1\" \/>\n<link rel=\"canonical\" href=\"https:\/\/www.catedraldepamplona.com\/categoria\/celebracion-la-natividad-la-virgen-privilegio-la-union\/\" \/>\n<meta property=\"og:locale\" content=\"en_US\" \/>\n<meta property=\"og:type\" content=\"article\" \/>\n<meta property=\"og:title\" content=\"Celebraci\u00f3n de la Natividad de la Virgen y el Privilegio de la Uni\u00f3n - Catedral de Pamplona\" \/>\n<meta property=\"og:description\" content=\"La Catedral de Pamplona acoger\u00e1 el 8 de septiembre la Misa de la Natividad de la Virgen y en conmemoraci\u00f3n del Privilegio de la Uni\u00f3n, que incluir\u00e1 un responso ante el mausoleo de los reyes Carlos III y Leonor de Trast\u00e1mara. La Eucarist\u00eda, que tendr\u00e1 lugar a las 17 horas, estar\u00e1 presidida por el Arzobispo don Francisco junto con el Cabildo catedralicio. A la conclusi\u00f3n de la misa, a las 18.45 horas, se proceder\u00e1 a la ofrenda floral por parte de la corporaci\u00f3n municipal. En la misma, participar\u00e1 la Capilla de M\u00fasica de la Catedral de Pamplona y el Ensemble de Chirim\u00edas Miguel de Arr\u00f3zpide. Carlos III y la catedral de Pamplona El rey Carlos III, adem\u00e1s de otorgar el Privilegio de la Uni\u00f3n a las tres poblaciones que conformaban la actual Pamplona el 8 de septiembre de 1423, fue el responsable del templo g\u00f3tico de la catedral. A ra\u00edz de unas obras, el coro y el templo rom\u00e1nico se hundieron y Carlos III mand\u00f3 edificar el actual templo, labor que termin\u00f3 su hija, la reina Blanca de Navarra. En su testamento, Carlos III orden\u00f3 que se le diera sepultura en la catedral de Pamplona \u201cen el coro de la [&hellip;]\" \/>\n<meta property=\"og:url\" content=\"https:\/\/www.catedraldepamplona.com\/categoria\/celebracion-la-natividad-la-virgen-privilegio-la-union\/\" \/>\n<meta property=\"og:site_name\" content=\"Catedral de Pamplona\" \/>\n<meta property=\"article:published_time\" content=\"2016-09-22T10:32:05+00:00\" \/>\n<meta name=\"author\" content=\"catedral\" \/>\n<meta name=\"twitter:card\" content=\"summary_large_image\" \/>\n<meta name=\"twitter:label1\" content=\"Written by\" \/>\n\t<meta name=\"twitter:data1\" content=\"catedral\" \/>\n\t<meta name=\"twitter:label2\" content=\"Est. reading time\" \/>\n\t<meta name=\"twitter:data2\" content=\"1 minutua\" \/>\n<script type=\"application\/ld+json\" class=\"yoast-schema-graph\">{\"@context\":\"https:\/\/schema.org\",\"@graph\":[{\"@type\":\"WebPage\",\"@id\":\"https:\/\/www.catedraldepamplona.com\/categoria\/celebracion-la-natividad-la-virgen-privilegio-la-union\/\",\"url\":\"https:\/\/www.catedraldepamplona.com\/categoria\/celebracion-la-natividad-la-virgen-privilegio-la-union\/\",\"name\":\"Celebraci\u00f3n de la Natividad de la Virgen y el Privilegio de la Uni\u00f3n - Catedral de Pamplona\",\"isPartOf\":{\"@id\":\"https:\/\/www.catedraldepamplona.com\/#website\"},\"datePublished\":\"2016-09-22T10:32:05+00:00\",\"dateModified\":\"2016-09-22T10:32:05+00:00\",\"author\":{\"@id\":\"https:\/\/www.catedraldepamplona.com\/#\/schema\/person\/8ac1d7dcf2f1b55f72889e7ec3ea8043\"},\"breadcrumb\":{\"@id\":\"https:\/\/www.catedraldepamplona.com\/categoria\/celebracion-la-natividad-la-virgen-privilegio-la-union\/#breadcrumb\"},\"inLanguage\":\"eu\",\"potentialAction\":[{\"@type\":\"ReadAction\",\"target\":[\"https:\/\/www.catedraldepamplona.com\/categoria\/celebracion-la-natividad-la-virgen-privilegio-la-union\/\"]}]},{\"@type\":\"BreadcrumbList\",\"@id\":\"https:\/\/www.catedraldepamplona.com\/categoria\/celebracion-la-natividad-la-virgen-privilegio-la-union\/#breadcrumb\",\"itemListElement\":[{\"@type\":\"ListItem\",\"position\":1,\"name\":\"Portada\",\"item\":\"https:\/\/www.catedraldepamplona.com\/eu\/\"},{\"@type\":\"ListItem\",\"position\":2,\"name\":\"Celebraci\u00f3n de la Natividad de la Virgen y el Privilegio de la Uni\u00f3n\"}]},{\"@type\":\"WebSite\",\"@id\":\"https:\/\/www.catedraldepamplona.com\/#website\",\"url\":\"https:\/\/www.catedraldepamplona.com\/\",\"name\":\"Catedral de Pamplona\",\"description\":\"P\u00e1gina oficial de la Catedral de Pamplona\",\"potentialAction\":[{\"@type\":\"SearchAction\",\"target\":{\"@type\":\"EntryPoint\",\"urlTemplate\":\"https:\/\/www.catedraldepamplona.com\/?s={search_term_string}\"},\"query-input\":\"required name=search_term_string\"}],\"inLanguage\":\"eu\"},{\"@type\":\"Person\",\"@id\":\"https:\/\/www.catedraldepamplona.com\/#\/schema\/person\/8ac1d7dcf2f1b55f72889e7ec3ea8043\",\"name\":\"catedral\",\"image\":{\"@type\":\"ImageObject\",\"inLanguage\":\"eu\",\"@id\":\"https:\/\/www.catedraldepamplona.com\/#\/schema\/person\/image\/\",\"url\":\"https:\/\/secure.gravatar.com\/avatar\/b4968c4e1c867b5dca91dcc4e733aa71?s=96&d=mm&r=g\",\"contentUrl\":\"https:\/\/secure.gravatar.com\/avatar\/b4968c4e1c867b5dca91dcc4e733aa71?s=96&d=mm&r=g\",\"caption\":\"catedral\"},\"url\":\"https:\/\/www.catedraldepamplona.com\/eu\/author\/catedral\/\"}]}<\/script>\n<!-- \/ Yoast SEO plugin. -->","yoast_head_json":{"title":"Celebraci\u00f3n de la Natividad de la Virgen y el Privilegio de la Uni\u00f3n - Catedral de Pamplona","robots":{"index":"index","follow":"follow","max-snippet":"max-snippet:-1","max-image-preview":"max-image-preview:large","max-video-preview":"max-video-preview:-1"},"canonical":"https:\/\/www.catedraldepamplona.com\/categoria\/celebracion-la-natividad-la-virgen-privilegio-la-union\/","og_locale":"en_US","og_type":"article","og_title":"Celebraci\u00f3n de la Natividad de la Virgen y el Privilegio de la Uni\u00f3n - Catedral de Pamplona","og_description":"La Catedral de Pamplona acoger\u00e1 el 8 de septiembre la Misa de la Natividad de la Virgen y en conmemoraci\u00f3n del Privilegio de la Uni\u00f3n, que incluir\u00e1 un responso ante el mausoleo de los reyes Carlos III y Leonor de Trast\u00e1mara. La Eucarist\u00eda, que tendr\u00e1 lugar a las 17 horas, estar\u00e1 presidida por el Arzobispo don Francisco junto con el Cabildo catedralicio. A la conclusi\u00f3n de la misa, a las 18.45 horas, se proceder\u00e1 a la ofrenda floral por parte de la corporaci\u00f3n municipal. En la misma, participar\u00e1 la Capilla de M\u00fasica de la Catedral de Pamplona y el Ensemble de Chirim\u00edas Miguel de Arr\u00f3zpide. Carlos III y la catedral de Pamplona El rey Carlos III, adem\u00e1s de otorgar el Privilegio de la Uni\u00f3n a las tres poblaciones que conformaban la actual Pamplona el 8 de septiembre de 1423, fue el responsable del templo g\u00f3tico de la catedral. A ra\u00edz de unas obras, el coro y el templo rom\u00e1nico se hundieron y Carlos III mand\u00f3 edificar el actual templo, labor que termin\u00f3 su hija, la reina Blanca de Navarra. En su testamento, Carlos III orden\u00f3 que se le diera sepultura en la catedral de Pamplona \u201cen el coro de la [&hellip;]","og_url":"https:\/\/www.catedraldepamplona.com\/categoria\/celebracion-la-natividad-la-virgen-privilegio-la-union\/","og_site_name":"Catedral de Pamplona","article_published_time":"2016-09-22T10:32:05+00:00","author":"catedral","twitter_card":"summary_large_image","twitter_misc":{"Written by":"catedral","Est. reading time":"1 minutua"},"schema":{"@context":"https:\/\/schema.org","@graph":[{"@type":"WebPage","@id":"https:\/\/www.catedraldepamplona.com\/categoria\/celebracion-la-natividad-la-virgen-privilegio-la-union\/","url":"https:\/\/www.catedraldepamplona.com\/categoria\/celebracion-la-natividad-la-virgen-privilegio-la-union\/","name":"Celebraci\u00f3n de la Natividad de la Virgen y el Privilegio de la Uni\u00f3n - Catedral de Pamplona","isPartOf":{"@id":"https:\/\/www.catedraldepamplona.com\/#website"},"datePublished":"2016-09-22T10:32:05+00:00","dateModified":"2016-09-22T10:32:05+00:00","author":{"@id":"https:\/\/www.catedraldepamplona.com\/#\/schema\/person\/8ac1d7dcf2f1b55f72889e7ec3ea8043"},"breadcrumb":{"@id":"https:\/\/www.catedraldepamplona.com\/categoria\/celebracion-la-natividad-la-virgen-privilegio-la-union\/#breadcrumb"},"inLanguage":"eu","potentialAction":[{"@type":"ReadAction","target":["https:\/\/www.catedraldepamplona.com\/categoria\/celebracion-la-natividad-la-virgen-privilegio-la-union\/"]}]},{"@type":"BreadcrumbList","@id":"https:\/\/www.catedraldepamplona.com\/categoria\/celebracion-la-natividad-la-virgen-privilegio-la-union\/#breadcrumb","itemListElement":[{"@type":"ListItem","position":1,"name":"Portada","item":"https:\/\/www.catedraldepamplona.com\/eu\/"},{"@type":"ListItem","position":2,"name":"Celebraci\u00f3n de la Natividad de la Virgen y el Privilegio de la Uni\u00f3n"}]},{"@type":"WebSite","@id":"https:\/\/www.catedraldepamplona.com\/#website","url":"https:\/\/www.catedraldepamplona.com\/","name":"Catedral de Pamplona","description":"P\u00e1gina oficial de la Catedral de Pamplona","potentialAction":[{"@type":"SearchAction","target":{"@type":"EntryPoint","urlTemplate":"https:\/\/www.catedraldepamplona.com\/?s={search_term_string}"},"query-input":"required name=search_term_string"}],"inLanguage":"eu"},{"@type":"Person","@id":"https:\/\/www.catedraldepamplona.com\/#\/schema\/person\/8ac1d7dcf2f1b55f72889e7ec3ea8043","name":"catedral","image":{"@type":"ImageObject","inLanguage":"eu","@id":"https:\/\/www.catedraldepamplona.com\/#\/schema\/person\/image\/","url":"https:\/\/secure.gravatar.com\/avatar\/b4968c4e1c867b5dca91dcc4e733aa71?s=96&d=mm&r=g","contentUrl":"https:\/\/secure.gravatar.com\/avatar\/b4968c4e1c867b5dca91dcc4e733aa71?s=96&d=mm&r=g","caption":"catedral"},"url":"https:\/\/www.catedraldepamplona.com\/eu\/author\/catedral\/"}]}},"_links":{"self":[{"href":"https:\/\/www.catedraldepamplona.com\/eu\/wp-json\/wp\/v2\/posts\/1352"}],"collection":[{"href":"https:\/\/www.catedraldepamplona.com\/eu\/wp-json\/wp\/v2\/posts"}],"about":[{"href":"https:\/\/www.catedraldepamplona.com\/eu\/wp-json\/wp\/v2\/types\/post"}],"author":[{"embeddable":true,"href":"https:\/\/www.catedraldepamplona.com\/eu\/wp-json\/wp\/v2\/users\/1"}],"replies":[{"embeddable":true,"href":"https:\/\/www.catedraldepamplona.com\/eu\/wp-json\/wp\/v2\/comments?post=1352"}],"version-history":[{"count":1,"href":"https:\/\/www.catedraldepamplona.com\/eu\/wp-json\/wp\/v2\/posts\/1352\/revisions"}],"predecessor-version":[{"id":1353,"href":"https:\/\/www.catedraldepamplona.com\/eu\/wp-json\/wp\/v2\/posts\/1352\/revisions\/1353"}],"wp:attachment":[{"href":"https:\/\/www.catedraldepamplona.com\/eu\/wp-json\/wp\/v2\/media?parent=1352"}],"wp:term":[{"taxonomy":"category","embeddable":true,"href":"https:\/\/www.catedraldepamplona.com\/eu\/wp-json\/wp\/v2\/categories?post=1352"},{"taxonomy":"post_tag","embeddable":true,"href":"https:\/\/www.catedraldepamplona.com\/eu\/wp-json\/wp\/v2\/tags?post=1352"}],"curies":[{"name":"wp","href":"https:\/\/api.w.org\/{rel}","templated":true}]}}