{"id":1463,"date":"2016-09-22T10:41:53","date_gmt":"2016-09-22T10:41:53","guid":{"rendered":"https:\/\/www.catedraldepamplona.com\/en\/?p=1463"},"modified":"2016-09-22T10:41:53","modified_gmt":"2016-09-22T10:41:53","slug":"horarios-navidad-museo-catedral-pamplona","status":"publish","type":"post","link":"https:\/\/www.catedraldepamplona.com\/en\/categoria\/horarios-navidad-museo-catedral-pamplona\/","title":{"rendered":"Horarios de Navidad en el museo Catedral de Pamplona"},"content":{"rendered":"<p>El museo Catedral de Pamplona var\u00eda sus horarios con motivo de la Navidad. La catedral permanecer\u00e1 cerrada el 31 de diciembre, 1, 5 y 6 de enero y abrir\u00e1 el 29, 30 de diciembre, 2 y 4 de enero. A partir del 7 de enero el espacio catedralicio recupera su horario habitual.<\/p>\n<p>Adem\u00e1s, Conocer Navarra nos propone descubrir c\u00f3mo se vive la Navidad en la Catedral de Pamplona con dos visitas guiadas. En las mismas, se conocer\u00e1n pinturas, tallas y retablos con el Nacimiento o la Epifan\u00eda. Adem\u00e1s se podr\u00e1 conocer la sacrist\u00eda, la casa del campanero, la campana Mar\u00eda o la exposici\u00f3n Occidens.<\/p>\n<p>Las visitas guiadas tendr\u00e1n lugar el 30 de diciembre y el 4 de enero. <a href=\"http:\/\/www.conocernavarra.com\/actividades\/visitas-guiadas\/lanavidadenlacatedraldepamplona-vcp15-ao.html?options=cart\" target=\"_blank\">Inscripciones<\/a><\/p>\n","protected":false},"excerpt":{"rendered":"<p>El museo Catedral de Pamplona var\u00eda sus horarios con motivo de la Navidad. La catedral permanecer\u00e1 cerrada el 31 de diciembre, 1, 5 y 6 de enero y abrir\u00e1 el 29, 30 de diciembre, 2 y 4 de enero. A partir del 7 de enero el espacio catedralicio recupera su horario habitual. Adem\u00e1s, Conocer Navarra nos propone descubrir c\u00f3mo se vive la Navidad en la Catedral de Pamplona con dos visitas guiadas. En las mismas, se conocer\u00e1n pinturas, tallas y retablos con el Nacimiento o la Epifan\u00eda. Adem\u00e1s se podr\u00e1 conocer la sacrist\u00eda, la casa del campanero, la campana Mar\u00eda o la exposici\u00f3n Occidens. Las visitas guiadas tendr\u00e1n lugar el 30 de diciembre y el 4 de enero. Inscripciones<\/p>\n","protected":false},"author":1,"featured_media":0,"comment_status":"closed","ping_status":"closed","sticky":false,"template":"","format":"standard","meta":{"_monsterinsights_skip_tracking":false,"_monsterinsights_sitenote_active":false,"_monsterinsights_sitenote_note":"","_monsterinsights_sitenote_category":0},"categories":[5],"tags":[],"yoast_head":"<!-- This site is optimized with the Yoast SEO plugin v21.0 - https:\/\/yoast.com\/wordpress\/plugins\/seo\/ -->\n<title>Horarios de Navidad en el museo Catedral de Pamplona - Catedral de Pamplona<\/title>\n<meta name=\"robots\" content=\"index, follow, max-snippet:-1, max-image-preview:large, max-video-preview:-1\" \/>\n<link rel=\"canonical\" href=\"https:\/\/www.catedraldepamplona.com\/categoria\/horarios-de-navidad-en-el-museo-catedral-de-pamplona\/\" \/>\n<meta property=\"og:locale\" content=\"en_US\" \/>\n<meta property=\"og:type\" content=\"article\" \/>\n<meta property=\"og:title\" content=\"Horarios de Navidad en el museo Catedral de Pamplona - Catedral de Pamplona\" \/>\n<meta property=\"og:description\" content=\"El museo Catedral de Pamplona var\u00eda sus horarios con motivo de la Navidad. La catedral permanecer\u00e1 cerrada el 31 de diciembre, 1, 5 y 6 de enero y abrir\u00e1 el 29, 30 de diciembre, 2 y 4 de enero. A partir del 7 de enero el espacio catedralicio recupera su horario habitual. Adem\u00e1s, Conocer Navarra nos propone descubrir c\u00f3mo se vive la Navidad en la Catedral de Pamplona con dos visitas guiadas. En las mismas, se conocer\u00e1n pinturas, tallas y retablos con el Nacimiento o la Epifan\u00eda. Adem\u00e1s se podr\u00e1 conocer la sacrist\u00eda, la casa del campanero, la campana Mar\u00eda o la exposici\u00f3n Occidens. Las visitas guiadas tendr\u00e1n lugar el 30 de diciembre y el 4 de enero. Inscripciones\" \/>\n<meta property=\"og:url\" content=\"https:\/\/www.catedraldepamplona.com\/categoria\/horarios-de-navidad-en-el-museo-catedral-de-pamplona\/\" \/>\n<meta property=\"og:site_name\" content=\"Catedral de Pamplona\" \/>\n<meta property=\"article:published_time\" content=\"2016-09-22T10:41:53+00:00\" \/>\n<meta name=\"author\" content=\"catedral\" \/>\n<meta name=\"twitter:card\" content=\"summary_large_image\" \/>\n<meta name=\"twitter:label1\" content=\"Written by\" \/>\n\t<meta name=\"twitter:data1\" content=\"catedral\" \/>\n\t<meta name=\"twitter:label2\" content=\"Est. reading time\" \/>\n\t<meta name=\"twitter:data2\" content=\"1 minute\" \/>\n<script type=\"application\/ld+json\" class=\"yoast-schema-graph\">{\"@context\":\"https:\/\/schema.org\",\"@graph\":[{\"@type\":\"WebPage\",\"@id\":\"https:\/\/www.catedraldepamplona.com\/categoria\/horarios-de-navidad-en-el-museo-catedral-de-pamplona\/\",\"url\":\"https:\/\/www.catedraldepamplona.com\/categoria\/horarios-de-navidad-en-el-museo-catedral-de-pamplona\/\",\"name\":\"Horarios de Navidad en el museo Catedral de Pamplona - Catedral de Pamplona\",\"isPartOf\":{\"@id\":\"https:\/\/www.catedraldepamplona.com\/#website\"},\"datePublished\":\"2016-09-22T10:41:53+00:00\",\"dateModified\":\"2016-09-22T10:41:53+00:00\",\"author\":{\"@id\":\"https:\/\/www.catedraldepamplona.com\/#\/schema\/person\/8ac1d7dcf2f1b55f72889e7ec3ea8043\"},\"breadcrumb\":{\"@id\":\"https:\/\/www.catedraldepamplona.com\/categoria\/horarios-de-navidad-en-el-museo-catedral-de-pamplona\/#breadcrumb\"},\"inLanguage\":\"en-US\",\"potentialAction\":[{\"@type\":\"ReadAction\",\"target\":[\"https:\/\/www.catedraldepamplona.com\/categoria\/horarios-de-navidad-en-el-museo-catedral-de-pamplona\/\"]}]},{\"@type\":\"BreadcrumbList\",\"@id\":\"https:\/\/www.catedraldepamplona.com\/categoria\/horarios-de-navidad-en-el-museo-catedral-de-pamplona\/#breadcrumb\",\"itemListElement\":[{\"@type\":\"ListItem\",\"position\":1,\"name\":\"Portada\",\"item\":\"https:\/\/www.catedraldepamplona.com\/en\/\"},{\"@type\":\"ListItem\",\"position\":2,\"name\":\"Horarios de Navidad en el museo Catedral de Pamplona\"}]},{\"@type\":\"WebSite\",\"@id\":\"https:\/\/www.catedraldepamplona.com\/#website\",\"url\":\"https:\/\/www.catedraldepamplona.com\/\",\"name\":\"Catedral de Pamplona\",\"description\":\"P\u00e1gina oficial de la Catedral de Pamplona\",\"potentialAction\":[{\"@type\":\"SearchAction\",\"target\":{\"@type\":\"EntryPoint\",\"urlTemplate\":\"https:\/\/www.catedraldepamplona.com\/?s={search_term_string}\"},\"query-input\":\"required name=search_term_string\"}],\"inLanguage\":\"en-US\"},{\"@type\":\"Person\",\"@id\":\"https:\/\/www.catedraldepamplona.com\/#\/schema\/person\/8ac1d7dcf2f1b55f72889e7ec3ea8043\",\"name\":\"catedral\",\"image\":{\"@type\":\"ImageObject\",\"inLanguage\":\"en-US\",\"@id\":\"https:\/\/www.catedraldepamplona.com\/#\/schema\/person\/image\/\",\"url\":\"https:\/\/secure.gravatar.com\/avatar\/b4968c4e1c867b5dca91dcc4e733aa71?s=96&d=mm&r=g\",\"contentUrl\":\"https:\/\/secure.gravatar.com\/avatar\/b4968c4e1c867b5dca91dcc4e733aa71?s=96&d=mm&r=g\",\"caption\":\"catedral\"},\"url\":\"https:\/\/www.catedraldepamplona.com\/en\/author\/catedral\/\"}]}<\/script>\n<!-- \/ Yoast SEO plugin. -->","yoast_head_json":{"title":"Horarios de Navidad en el museo Catedral de Pamplona - Catedral de Pamplona","robots":{"index":"index","follow":"follow","max-snippet":"max-snippet:-1","max-image-preview":"max-image-preview:large","max-video-preview":"max-video-preview:-1"},"canonical":"https:\/\/www.catedraldepamplona.com\/categoria\/horarios-de-navidad-en-el-museo-catedral-de-pamplona\/","og_locale":"en_US","og_type":"article","og_title":"Horarios de Navidad en el museo Catedral de Pamplona - Catedral de Pamplona","og_description":"El museo Catedral de Pamplona var\u00eda sus horarios con motivo de la Navidad. La catedral permanecer\u00e1 cerrada el 31 de diciembre, 1, 5 y 6 de enero y abrir\u00e1 el 29, 30 de diciembre, 2 y 4 de enero. A partir del 7 de enero el espacio catedralicio recupera su horario habitual. Adem\u00e1s, Conocer Navarra nos propone descubrir c\u00f3mo se vive la Navidad en la Catedral de Pamplona con dos visitas guiadas. En las mismas, se conocer\u00e1n pinturas, tallas y retablos con el Nacimiento o la Epifan\u00eda. Adem\u00e1s se podr\u00e1 conocer la sacrist\u00eda, la casa del campanero, la campana Mar\u00eda o la exposici\u00f3n Occidens. Las visitas guiadas tendr\u00e1n lugar el 30 de diciembre y el 4 de enero. Inscripciones","og_url":"https:\/\/www.catedraldepamplona.com\/categoria\/horarios-de-navidad-en-el-museo-catedral-de-pamplona\/","og_site_name":"Catedral de Pamplona","article_published_time":"2016-09-22T10:41:53+00:00","author":"catedral","twitter_card":"summary_large_image","twitter_misc":{"Written by":"catedral","Est. reading time":"1 minute"},"schema":{"@context":"https:\/\/schema.org","@graph":[{"@type":"WebPage","@id":"https:\/\/www.catedraldepamplona.com\/categoria\/horarios-de-navidad-en-el-museo-catedral-de-pamplona\/","url":"https:\/\/www.catedraldepamplona.com\/categoria\/horarios-de-navidad-en-el-museo-catedral-de-pamplona\/","name":"Horarios de Navidad en el museo Catedral de Pamplona - Catedral de Pamplona","isPartOf":{"@id":"https:\/\/www.catedraldepamplona.com\/#website"},"datePublished":"2016-09-22T10:41:53+00:00","dateModified":"2016-09-22T10:41:53+00:00","author":{"@id":"https:\/\/www.catedraldepamplona.com\/#\/schema\/person\/8ac1d7dcf2f1b55f72889e7ec3ea8043"},"breadcrumb":{"@id":"https:\/\/www.catedraldepamplona.com\/categoria\/horarios-de-navidad-en-el-museo-catedral-de-pamplona\/#breadcrumb"},"inLanguage":"en-US","potentialAction":[{"@type":"ReadAction","target":["https:\/\/www.catedraldepamplona.com\/categoria\/horarios-de-navidad-en-el-museo-catedral-de-pamplona\/"]}]},{"@type":"BreadcrumbList","@id":"https:\/\/www.catedraldepamplona.com\/categoria\/horarios-de-navidad-en-el-museo-catedral-de-pamplona\/#breadcrumb","itemListElement":[{"@type":"ListItem","position":1,"name":"Portada","item":"https:\/\/www.catedraldepamplona.com\/en\/"},{"@type":"ListItem","position":2,"name":"Horarios de Navidad en el museo Catedral de Pamplona"}]},{"@type":"WebSite","@id":"https:\/\/www.catedraldepamplona.com\/#website","url":"https:\/\/www.catedraldepamplona.com\/","name":"Catedral de Pamplona","description":"P\u00e1gina oficial de la Catedral de Pamplona","potentialAction":[{"@type":"SearchAction","target":{"@type":"EntryPoint","urlTemplate":"https:\/\/www.catedraldepamplona.com\/?s={search_term_string}"},"query-input":"required name=search_term_string"}],"inLanguage":"en-US"},{"@type":"Person","@id":"https:\/\/www.catedraldepamplona.com\/#\/schema\/person\/8ac1d7dcf2f1b55f72889e7ec3ea8043","name":"catedral","image":{"@type":"ImageObject","inLanguage":"en-US","@id":"https:\/\/www.catedraldepamplona.com\/#\/schema\/person\/image\/","url":"https:\/\/secure.gravatar.com\/avatar\/b4968c4e1c867b5dca91dcc4e733aa71?s=96&d=mm&r=g","contentUrl":"https:\/\/secure.gravatar.com\/avatar\/b4968c4e1c867b5dca91dcc4e733aa71?s=96&d=mm&r=g","caption":"catedral"},"url":"https:\/\/www.catedraldepamplona.com\/en\/author\/catedral\/"}]}},"_links":{"self":[{"href":"https:\/\/www.catedraldepamplona.com\/en\/wp-json\/wp\/v2\/posts\/1463"}],"collection":[{"href":"https:\/\/www.catedraldepamplona.com\/en\/wp-json\/wp\/v2\/posts"}],"about":[{"href":"https:\/\/www.catedraldepamplona.com\/en\/wp-json\/wp\/v2\/types\/post"}],"author":[{"embeddable":true,"href":"https:\/\/www.catedraldepamplona.com\/en\/wp-json\/wp\/v2\/users\/1"}],"replies":[{"embeddable":true,"href":"https:\/\/www.catedraldepamplona.com\/en\/wp-json\/wp\/v2\/comments?post=1463"}],"version-history":[{"count":1,"href":"https:\/\/www.catedraldepamplona.com\/en\/wp-json\/wp\/v2\/posts\/1463\/revisions"}],"predecessor-version":[{"id":1464,"href":"https:\/\/www.catedraldepamplona.com\/en\/wp-json\/wp\/v2\/posts\/1463\/revisions\/1464"}],"wp:attachment":[{"href":"https:\/\/www.catedraldepamplona.com\/en\/wp-json\/wp\/v2\/media?parent=1463"}],"wp:term":[{"taxonomy":"category","embeddable":true,"href":"https:\/\/www.catedraldepamplona.com\/en\/wp-json\/wp\/v2\/categories?post=1463"},{"taxonomy":"post_tag","embeddable":true,"href":"https:\/\/www.catedraldepamplona.com\/en\/wp-json\/wp\/v2\/tags?post=1463"}],"curies":[{"name":"wp","href":"https:\/\/api.w.org\/{rel}","templated":true}]}}