{"id":1400,"date":"2016-09-22T10:36:27","date_gmt":"2016-09-22T10:36:27","guid":{"rendered":"https:\/\/www.catedraldepamplona.com\/en\/?p=1400"},"modified":"2016-09-22T10:36:27","modified_gmt":"2016-09-22T10:36:27","slug":"entrevista-estela-chocarro-autora-nadie-ha-muerto-la-catedral","status":"publish","type":"post","link":"https:\/\/www.catedraldepamplona.com\/en\/categoria\/entrevista-estela-chocarro-autora-nadie-ha-muerto-la-catedral\/","title":{"rendered":"Entrevista a Estela Chocarro, autora de \u201cNadie ha muerto en la catedral\u201d"},"content":{"rendered":"<p>La Catedral de Pamplona es el escenario, junto con Leyre y Uju\u00e9, de la segunda novela de la escritora navarra <a href=\"https:\/\/www.facebook.com\/estela.chocarro\" target=\"_blank\">Estela Chocarro<\/a>, <em>Nadie ha muerto en la Catedral<\/em> (<a href=\"http:\/\/www.maeva.es\" target=\"_blank\">Editorial Maeva<\/a>). La autora pamplonesa nos sumerge de la mano de los protagonistas de la novela, Rebeca Turumbay y V\u00edctor Yoldi, en los misterios que se esconden tras los muros del conjunto catedralicio. Estela Chocarro estar\u00e1 firmando ejemplares de este libro el 1 de junio a las 18 horas en la XV Feria del Libro de la plaza del Castillo.<\/p>\n<p>&nbsp;<\/p>\n<p><b>\u00bfPor qu\u00e9 decidiste ambientar en la Catedral de Pamplona tu segunda novela? \u00bfC\u00f3mo surgi\u00f3 la idea? <\/b><\/p>\n<p>La idea surgi\u00f3 a ra\u00edz de un art\u00edculo del Diario de Navarra del 29 de abril de 2013 cuyo titular rezaba: \u201cUna capilla del siglo XI en la Catedral de Pamplona\u201d. El subt\u00edtulo: \u201cConstruida hacia 1085, es anterior a la seo rom\u00e1nica\u201d. El art\u00edculo iba acompa\u00f1ado de una fotograf\u00eda de la capilla y todo esto me llam\u00f3 mucho la atenci\u00f3n. Le\u00ed entre otros datos que \u201cen Navarra apenas existen edificios de aquel siglo: este ser\u00eda el tercero m\u00e1s importante tras Leyre y Uju\u00e9\u201d. Esto fue decisivo a la hora de ambientar la novela. La Catedral de Pamplona y su capilla del S. XI son los escenarios principales pero tambi\u00e9n Leyre y Uju\u00e9 tienen su parcela en una especie de tri\u00e1ngulo del rom\u00e1nico del S.XI navarro.<\/p>\n<p><b>\u00bfQu\u00e9 tiene la Catedral de Pamplona de novelesco?<\/b><\/p>\n<p>Todas las catedrales tienen algo de novelesco puesto que todas se han ido conformando a lo largo de siglos de historia, con todo lo que eso conlleva. A ra\u00edz de este art\u00edculo del Diario lo que hice fue empezar a indagar, pero lo que m\u00e1s me ayud\u00f3 fue lo que me cont\u00f3 el gestor del Museo de la Catedral, Gonzalo Garc\u00eda. Con mucho entusiasmo me ense\u00f1\u00f3 la capilla rom\u00e1nica y muchos otros rincones de la catedral al tiempo que me iba ilustrando acerca de su historia y de algunos chascarrillos curiosos. Cuando visitamos la Capilla de los Can\u00f3nigos surgi\u00f3 la historia del robo del tesoro de la catedral en los a\u00f1os 30 y aquello me fascin\u00f3. Investigu\u00e9 sobre el robo en cuesti\u00f3n y el resultado fue muy interesante. En un principio no pensaba incluirlo en la historia porque la trama estaba pr\u00e1cticamente cerrada, pero al final encontr\u00e9 el modo. La visita a la casa del campanero y la historia de la \u00faltima campanera tambi\u00e9n me sirvieron para ilustrar mi propia versi\u00f3n de esa figura tan emblem\u00e1tica, ya extinta.<\/p>\n<p><b>\u00bfCu\u00e1l es tu estancia favorita del conjunto catedralicio? \u00bfPor qu\u00e9?<\/b><\/p>\n<p>No sabr\u00eda elegir una pues son numerosos los rincones que me han cautivado al conocerlos: La Capilla de los Can\u00f3nigos posiblemente, por eso tiene un papel tan importante dentro de la novela. Adem\u00e1s de su belleza, alberga el tesoro de la catedral y en ella ocurri\u00f3 el famoso robo. Visitar la cocina tambi\u00e9n es algo fuera de lo com\u00fan; recorrer el magnifico claustro, la joya de la catedral es una delicia. La biblioteca capitular supuso toda una sorpresa, est\u00e1 muy bien conservada y es un rinc\u00f3n tranquilo y lleno de magia.<\/p>\n<p><b>\u00bfQu\u00e9 conoc\u00edas de la Catedral antes de escribir el libro?<\/b><\/p>\n<p>La hab\u00eda visitado varias veces antes de pensar en la novela aunque mi conocimiento era superficial: la iglesia y el claustro probablemente. Una vez tuve la idea en la cabeza, particip\u00e9 con mi marido de la primera <i>Velada Nocturna<\/i> que se organiz\u00f3 hace unos pocos a\u00f1os. Se hac\u00eda por la noche a la luz de las velas. Vimos la casa del campanero, la campana Mar\u00eda, Occidens, el refectorio, la cocina, adem\u00e1s del claustro, las distintas capillas y la nave central\u2026<\/p>\n<p><b>\u00bfC\u00f3mo te has documentado para escribir este libro?<\/b><\/p>\n<p>La web de la catedral fue mi primer punto de informaci\u00f3n. A trav\u00e9s de ella conoc\u00ed las estancias m\u00e1s relevantes, su historia\u2026 Pero fue sobretodo en las tres visitas que hice a la catedral con Gonzalo Garc\u00eda, el gestor del museo, donde encontr\u00e9 la mayor fuente de informaci\u00f3n. Incluso el De\u00e1n de la Catedral tuvo la amabilidad de recibirme en el Arzobispado y de ah\u00ed tambi\u00e9n saqu\u00e9 informaci\u00f3n e inspiraci\u00f3n. Les estoy muy agradecida a ambos. Para la parte relacionada con Dal\u00ed y el museo, me entrevist\u00e9 con Imma Parada de la Fundaci\u00f3n Gala Salvador Dal\u00ed de Figueres. El Teatro Museo lo he visitado muchas veces. Para la parte de procedimiento, hable con un polic\u00eda nacional. La bibliograf\u00eda e internet son de gran ayuda, pero las entrevistas personales son fundamentales<b>.<\/b><\/p>\n<p><b>\u00bfPor qu\u00e9 decidiste escribir y qu\u00e9 te llevo a elegir el genero de la novela negra o de misterio?<\/b><\/p>\n<p>Era un deseo de siempre. Algo que ten\u00eda muy claro que har\u00eda cuando fuese mayor. Lleg\u00f3 un d\u00eda en que me di cuenta de que ya no hab\u00eda que esperar m\u00e1s y que si no comenzaba ya a realizar mi sue\u00f1o, se quedar\u00eda en el ba\u00fal de las cuentas pendientes. Respecto al g\u00e9nero, es el que m\u00e1s me atrae. Desde muy peque\u00f1a he buscado misterios en cualquier lugar. Es algo que llevas dentro. No lo eliges, sencillamente es parte de tu ser.<\/p>\n<p><b>\u00bfQu\u00e9 autores han sido una referencia para ti a la hora de adentrarte en la escritura?<\/b><\/p>\n<p>En cada \u00e9poca de la vida te atraen estilos diferentes, pero algunos de los que m\u00e1s me han inspirado son autores de libros que ya son cl\u00e1sicos: Raymond Chandler con su detective Philip Marlowe en cuanto a novela negra; Emily y Anne Bront\u00eb con <i>Cumbres Borrascosas<\/i> y <i>Jane Eyre<\/i> respectivamente o Daphne du Maurier con <i>Rebeca<\/i> dentro de la novela g\u00f3tica. Estas \u00faltimas transcurren en ambientes rurales, lo que coincide con mi inter\u00e9s inicial de ambientar mis novelas en puntos de Navarra. \u201cLos pilares de la Tierra\u201d de Ken Follet me result\u00f3 muy inspiradora tambi\u00e9n. El tema de las catedrales o incluso de peque\u00f1as iglesias como la de C\u00e1rcar, que aparece tanto en <i>El pr\u00f3ximo funeral ser\u00e1 el tuyo<\/i> como en <i>Nadie ha muerto en la catedral<\/i>, siempre me ha atra\u00eddo. La confluencia entre la historia, el arte y el misterio me resulta fascinante.<\/p>\n<p><b>\u00bfTienes un nuevo proyecto en mente? \u00bfCon los mismos protagonistas?<\/b><\/p>\n<p>Actualmente trabajo en una nueva novela que comparte algunos personajes con las anteriores aunque es muy diferente en cuanto a su tem\u00e1tica; sin embargo sigue teniendo un componente local muy importante.<\/p>\n<p><b>Y tras el tuyo, \u00bfqu\u00e9 libro faltar\u00eda de escribir sobre la Catedral? \u00bfDe qu\u00e9 tratar\u00eda?<\/b><\/p>\n<p>No me atrevo a dar una respuesta concreta a esa pregunta. Creo que son innumerables las historias que pueden surgir de un lugar como la Catedral de Pamplona. Han ocurrido muchos sucesos pintorescos adem\u00e1s del robo del tesoro, y el complejo catedralicio tiene siglos de historia en los que poder inspirarse. Por otra parte, cada escritor debe enamorarse de la historia que va a contar y el detonante que le hace decidirse por una u otra ocurre de un modo autom\u00e1tico, sin premeditaci\u00f3n. El libro que falta por escribir es el que inspire tanto a un escritor como para pasar unos cuantos meses inmerso en la Catedral. Los temas a tratar son innumerables pues por la Catedral de Santa Mar\u00eda han pasado reyes, reinas, obispos, ilustres escritores, personas corrientes\u2026 Es un escenario lleno de posibilidades.<\/p>\n<p>&nbsp;<\/p>\n","protected":false},"excerpt":{"rendered":"<p>La Catedral de Pamplona es el escenario, junto con Leyre y Uju\u00e9, de la segunda novela de la escritora navarra.<\/p>\n","protected":false},"author":1,"featured_media":0,"comment_status":"closed","ping_status":"closed","sticky":false,"template":"","format":"standard","meta":{"_monsterinsights_skip_tracking":false,"_monsterinsights_sitenote_active":false,"_monsterinsights_sitenote_note":"","_monsterinsights_sitenote_category":0},"categories":[5],"tags":[],"yoast_head":"<!-- This site is optimized with the Yoast SEO plugin v21.0 - https:\/\/yoast.com\/wordpress\/plugins\/seo\/ -->\n<title>Entrevista a Estela Chocarro, autora de \u201cNadie ha muerto en la catedral\u201d - Catedral de Pamplona<\/title>\n<meta name=\"robots\" content=\"index, follow, max-snippet:-1, max-image-preview:large, max-video-preview:-1\" \/>\n<link rel=\"canonical\" href=\"https:\/\/www.catedraldepamplona.com\/categoria\/entrevista-a-estela-chocarro-autora-de-nadie-ha-muerto-en-la-catedral\/\" \/>\n<meta property=\"og:locale\" content=\"en_US\" \/>\n<meta property=\"og:type\" content=\"article\" \/>\n<meta property=\"og:title\" content=\"Entrevista a Estela Chocarro, autora de \u201cNadie ha muerto en la catedral\u201d - Catedral de Pamplona\" \/>\n<meta property=\"og:description\" content=\"La Catedral de Pamplona es el escenario, junto con Leyre y Uju\u00e9, de la segunda novela de la escritora navarra.\" \/>\n<meta property=\"og:url\" content=\"https:\/\/www.catedraldepamplona.com\/categoria\/entrevista-a-estela-chocarro-autora-de-nadie-ha-muerto-en-la-catedral\/\" \/>\n<meta property=\"og:site_name\" content=\"Catedral de Pamplona\" \/>\n<meta property=\"article:published_time\" content=\"2016-09-22T10:36:27+00:00\" \/>\n<meta name=\"author\" content=\"catedral\" \/>\n<meta name=\"twitter:card\" content=\"summary_large_image\" \/>\n<meta name=\"twitter:label1\" content=\"Written by\" \/>\n\t<meta name=\"twitter:data1\" content=\"catedral\" \/>\n\t<meta name=\"twitter:label2\" content=\"Est. reading time\" \/>\n\t<meta name=\"twitter:data2\" content=\"6 minutes\" \/>\n<script type=\"application\/ld+json\" class=\"yoast-schema-graph\">{\"@context\":\"https:\/\/schema.org\",\"@graph\":[{\"@type\":\"WebPage\",\"@id\":\"https:\/\/www.catedraldepamplona.com\/categoria\/entrevista-a-estela-chocarro-autora-de-nadie-ha-muerto-en-la-catedral\/\",\"url\":\"https:\/\/www.catedraldepamplona.com\/categoria\/entrevista-a-estela-chocarro-autora-de-nadie-ha-muerto-en-la-catedral\/\",\"name\":\"Entrevista a Estela Chocarro, autora de \u201cNadie ha muerto en la catedral\u201d - Catedral de Pamplona\",\"isPartOf\":{\"@id\":\"https:\/\/www.catedraldepamplona.com\/#website\"},\"datePublished\":\"2016-09-22T10:36:27+00:00\",\"dateModified\":\"2016-09-22T10:36:27+00:00\",\"author\":{\"@id\":\"https:\/\/www.catedraldepamplona.com\/#\/schema\/person\/8ac1d7dcf2f1b55f72889e7ec3ea8043\"},\"breadcrumb\":{\"@id\":\"https:\/\/www.catedraldepamplona.com\/categoria\/entrevista-a-estela-chocarro-autora-de-nadie-ha-muerto-en-la-catedral\/#breadcrumb\"},\"inLanguage\":\"en-US\",\"potentialAction\":[{\"@type\":\"ReadAction\",\"target\":[\"https:\/\/www.catedraldepamplona.com\/categoria\/entrevista-a-estela-chocarro-autora-de-nadie-ha-muerto-en-la-catedral\/\"]}]},{\"@type\":\"BreadcrumbList\",\"@id\":\"https:\/\/www.catedraldepamplona.com\/categoria\/entrevista-a-estela-chocarro-autora-de-nadie-ha-muerto-en-la-catedral\/#breadcrumb\",\"itemListElement\":[{\"@type\":\"ListItem\",\"position\":1,\"name\":\"Portada\",\"item\":\"https:\/\/www.catedraldepamplona.com\/en\/\"},{\"@type\":\"ListItem\",\"position\":2,\"name\":\"Entrevista a Estela Chocarro, autora de \u201cNadie ha muerto en la catedral\u201d\"}]},{\"@type\":\"WebSite\",\"@id\":\"https:\/\/www.catedraldepamplona.com\/#website\",\"url\":\"https:\/\/www.catedraldepamplona.com\/\",\"name\":\"Catedral de Pamplona\",\"description\":\"P\u00e1gina oficial de la Catedral de Pamplona\",\"potentialAction\":[{\"@type\":\"SearchAction\",\"target\":{\"@type\":\"EntryPoint\",\"urlTemplate\":\"https:\/\/www.catedraldepamplona.com\/?s={search_term_string}\"},\"query-input\":\"required name=search_term_string\"}],\"inLanguage\":\"en-US\"},{\"@type\":\"Person\",\"@id\":\"https:\/\/www.catedraldepamplona.com\/#\/schema\/person\/8ac1d7dcf2f1b55f72889e7ec3ea8043\",\"name\":\"catedral\",\"image\":{\"@type\":\"ImageObject\",\"inLanguage\":\"en-US\",\"@id\":\"https:\/\/www.catedraldepamplona.com\/#\/schema\/person\/image\/\",\"url\":\"https:\/\/secure.gravatar.com\/avatar\/b4968c4e1c867b5dca91dcc4e733aa71?s=96&d=mm&r=g\",\"contentUrl\":\"https:\/\/secure.gravatar.com\/avatar\/b4968c4e1c867b5dca91dcc4e733aa71?s=96&d=mm&r=g\",\"caption\":\"catedral\"},\"url\":\"https:\/\/www.catedraldepamplona.com\/en\/author\/catedral\/\"}]}<\/script>\n<!-- \/ Yoast SEO plugin. -->","yoast_head_json":{"title":"Entrevista a Estela Chocarro, autora de \u201cNadie ha muerto en la catedral\u201d - Catedral de Pamplona","robots":{"index":"index","follow":"follow","max-snippet":"max-snippet:-1","max-image-preview":"max-image-preview:large","max-video-preview":"max-video-preview:-1"},"canonical":"https:\/\/www.catedraldepamplona.com\/categoria\/entrevista-a-estela-chocarro-autora-de-nadie-ha-muerto-en-la-catedral\/","og_locale":"en_US","og_type":"article","og_title":"Entrevista a Estela Chocarro, autora de \u201cNadie ha muerto en la catedral\u201d - Catedral de Pamplona","og_description":"La Catedral de Pamplona es el escenario, junto con Leyre y Uju\u00e9, de la segunda novela de la escritora navarra.","og_url":"https:\/\/www.catedraldepamplona.com\/categoria\/entrevista-a-estela-chocarro-autora-de-nadie-ha-muerto-en-la-catedral\/","og_site_name":"Catedral de Pamplona","article_published_time":"2016-09-22T10:36:27+00:00","author":"catedral","twitter_card":"summary_large_image","twitter_misc":{"Written by":"catedral","Est. reading time":"6 minutes"},"schema":{"@context":"https:\/\/schema.org","@graph":[{"@type":"WebPage","@id":"https:\/\/www.catedraldepamplona.com\/categoria\/entrevista-a-estela-chocarro-autora-de-nadie-ha-muerto-en-la-catedral\/","url":"https:\/\/www.catedraldepamplona.com\/categoria\/entrevista-a-estela-chocarro-autora-de-nadie-ha-muerto-en-la-catedral\/","name":"Entrevista a Estela Chocarro, autora de \u201cNadie ha muerto en la catedral\u201d - Catedral de Pamplona","isPartOf":{"@id":"https:\/\/www.catedraldepamplona.com\/#website"},"datePublished":"2016-09-22T10:36:27+00:00","dateModified":"2016-09-22T10:36:27+00:00","author":{"@id":"https:\/\/www.catedraldepamplona.com\/#\/schema\/person\/8ac1d7dcf2f1b55f72889e7ec3ea8043"},"breadcrumb":{"@id":"https:\/\/www.catedraldepamplona.com\/categoria\/entrevista-a-estela-chocarro-autora-de-nadie-ha-muerto-en-la-catedral\/#breadcrumb"},"inLanguage":"en-US","potentialAction":[{"@type":"ReadAction","target":["https:\/\/www.catedraldepamplona.com\/categoria\/entrevista-a-estela-chocarro-autora-de-nadie-ha-muerto-en-la-catedral\/"]}]},{"@type":"BreadcrumbList","@id":"https:\/\/www.catedraldepamplona.com\/categoria\/entrevista-a-estela-chocarro-autora-de-nadie-ha-muerto-en-la-catedral\/#breadcrumb","itemListElement":[{"@type":"ListItem","position":1,"name":"Portada","item":"https:\/\/www.catedraldepamplona.com\/en\/"},{"@type":"ListItem","position":2,"name":"Entrevista a Estela Chocarro, autora de \u201cNadie ha muerto en la catedral\u201d"}]},{"@type":"WebSite","@id":"https:\/\/www.catedraldepamplona.com\/#website","url":"https:\/\/www.catedraldepamplona.com\/","name":"Catedral de Pamplona","description":"P\u00e1gina oficial de la Catedral de Pamplona","potentialAction":[{"@type":"SearchAction","target":{"@type":"EntryPoint","urlTemplate":"https:\/\/www.catedraldepamplona.com\/?s={search_term_string}"},"query-input":"required name=search_term_string"}],"inLanguage":"en-US"},{"@type":"Person","@id":"https:\/\/www.catedraldepamplona.com\/#\/schema\/person\/8ac1d7dcf2f1b55f72889e7ec3ea8043","name":"catedral","image":{"@type":"ImageObject","inLanguage":"en-US","@id":"https:\/\/www.catedraldepamplona.com\/#\/schema\/person\/image\/","url":"https:\/\/secure.gravatar.com\/avatar\/b4968c4e1c867b5dca91dcc4e733aa71?s=96&d=mm&r=g","contentUrl":"https:\/\/secure.gravatar.com\/avatar\/b4968c4e1c867b5dca91dcc4e733aa71?s=96&d=mm&r=g","caption":"catedral"},"url":"https:\/\/www.catedraldepamplona.com\/en\/author\/catedral\/"}]}},"_links":{"self":[{"href":"https:\/\/www.catedraldepamplona.com\/en\/wp-json\/wp\/v2\/posts\/1400"}],"collection":[{"href":"https:\/\/www.catedraldepamplona.com\/en\/wp-json\/wp\/v2\/posts"}],"about":[{"href":"https:\/\/www.catedraldepamplona.com\/en\/wp-json\/wp\/v2\/types\/post"}],"author":[{"embeddable":true,"href":"https:\/\/www.catedraldepamplona.com\/en\/wp-json\/wp\/v2\/users\/1"}],"replies":[{"embeddable":true,"href":"https:\/\/www.catedraldepamplona.com\/en\/wp-json\/wp\/v2\/comments?post=1400"}],"version-history":[{"count":1,"href":"https:\/\/www.catedraldepamplona.com\/en\/wp-json\/wp\/v2\/posts\/1400\/revisions"}],"predecessor-version":[{"id":1401,"href":"https:\/\/www.catedraldepamplona.com\/en\/wp-json\/wp\/v2\/posts\/1400\/revisions\/1401"}],"wp:attachment":[{"href":"https:\/\/www.catedraldepamplona.com\/en\/wp-json\/wp\/v2\/media?parent=1400"}],"wp:term":[{"taxonomy":"category","embeddable":true,"href":"https:\/\/www.catedraldepamplona.com\/en\/wp-json\/wp\/v2\/categories?post=1400"},{"taxonomy":"post_tag","embeddable":true,"href":"https:\/\/www.catedraldepamplona.com\/en\/wp-json\/wp\/v2\/tags?post=1400"}],"curies":[{"name":"wp","href":"https:\/\/api.w.org\/{rel}","templated":true}]}}