{"id":1370,"date":"2016-09-22T10:33:30","date_gmt":"2016-09-22T10:33:30","guid":{"rendered":"https:\/\/www.catedraldepamplona.com\/en\/?p=1370"},"modified":"2016-09-22T10:33:30","modified_gmt":"2016-09-22T10:33:30","slug":"museo-catedral-pamplona-inaugura-pupitorio","status":"publish","type":"post","link":"https:\/\/www.catedraldepamplona.com\/en\/categoria\/museo-catedral-pamplona-inaugura-pupitorio\/","title":{"rendered":"El Museo Catedral de Pamplona inaugura el Pupitorio"},"content":{"rendered":"<p>El Museo Catedral de Pamplona ha inaugurado esta semana el Pupitorio, un espacio dentro del <a href=\"https:\/\/www.catedraldepamplona.com\/el-museo\/estancias\/refectorio\/\" target=\"_blank\">Refectorio<\/a> que ir\u00e1 mostrando la cobertura period\u00edstica de la Catedral de Pamplona a lo largo de los a\u00f1os.<\/p>\n<p>La muestra se abre con la investigaci\u00f3n period\u00edstica del diario \u201cAHORA\u201d sobre uno de los sucesos sacr\u00edlegos m\u00e1s audaces en la historia de Espa\u00f1a: el robo del tesoro de la Catedral Santa Mar\u00eda la Real de Pamplona. El 10 de agosto de 1935, el mexicano Jos\u00e9 Oviedo de la Mota y su acompa\u00f1ante, el Italiano Ferdinando Papaelo sustrajeron, adem\u00e1s de c\u00e1lices o la corona de la Virgen entre otras piezas, dos joyas de incalculable valor: la reliquia del Lignum Crucis y la arqueta de Leyre.<\/p>\n<p><a href=\"https:\/\/www.catedraldepamplona.com\/wp-content\/uploads\/2016\/08\/IMG_6184.jpg\"><img decoding=\"async\" loading=\"lazy\" class=\"alignnone size-full wp-image-800\" src=\"https:\/\/www.catedraldepamplona.com\/wp-content\/uploads\/2016\/08\/IMG_6184.jpg\" alt=\"Pulpitorio\" width=\"900\" height=\"600\" srcset=\"https:\/\/www.catedraldepamplona.com\/wp-content\/uploads\/2016\/08\/IMG_6184.jpg 900w, https:\/\/www.catedraldepamplona.com\/wp-content\/uploads\/2016\/08\/IMG_6184-300x200.jpg 300w, https:\/\/www.catedraldepamplona.com\/wp-content\/uploads\/2016\/08\/IMG_6184-768x512.jpg 768w\" sizes=\"(max-width: 900px) 100vw, 900px\" \/><\/a><\/p>\n<h2>El Pupitorio, historia de la catedral<\/h2>\n<p>Con el \u201cPupitorio\u201d, la Catedral muestra una vez m\u00e1s que sus pasajes est\u00e1n llenos de historias interesantes por contar y se invita a los visitantes a adentrarse en la historia del hurto, d\u00e1ndole el toque m\u00e1gico de descubrir el pasado dentro de la misma edificaci\u00f3n donde todo ha sucedido.<\/p>\n","protected":false},"excerpt":{"rendered":"<p>El Museo Catedral de Pamplona ha inaugurado esta semana el Pupitorio, un espacio dentro del Refectorio que ir\u00e1 mostrando la cobertura period\u00edstica de la Catedral de Pamplona a lo largo de los a\u00f1os. La muestra se abre con la investigaci\u00f3n period\u00edstica del diario \u201cAHORA\u201d sobre uno de los sucesos sacr\u00edlegos m\u00e1s audaces en la historia de Espa\u00f1a: el robo del tesoro de la Catedral Santa Mar\u00eda la Real de Pamplona. El 10 de agosto de 1935, el mexicano Jos\u00e9 Oviedo de la Mota y su acompa\u00f1ante, el Italiano Ferdinando Papaelo sustrajeron, adem\u00e1s de c\u00e1lices o la corona de la Virgen entre otras piezas, dos joyas de incalculable valor: la reliquia del Lignum Crucis y la arqueta de Leyre. El Pupitorio, historia de la catedral Con el \u201cPupitorio\u201d, la Catedral muestra una vez m\u00e1s que sus pasajes est\u00e1n llenos de historias interesantes por contar y se invita a los visitantes a adentrarse en la historia del hurto, d\u00e1ndole el toque m\u00e1gico de descubrir el pasado dentro de la misma edificaci\u00f3n donde todo ha sucedido.<\/p>\n","protected":false},"author":1,"featured_media":0,"comment_status":"closed","ping_status":"closed","sticky":false,"template":"","format":"standard","meta":{"_monsterinsights_skip_tracking":false,"_monsterinsights_sitenote_active":false,"_monsterinsights_sitenote_note":"","_monsterinsights_sitenote_category":0},"categories":[5],"tags":[],"yoast_head":"<!-- This site is optimized with the Yoast SEO plugin v21.0 - https:\/\/yoast.com\/wordpress\/plugins\/seo\/ -->\n<title>El Museo Catedral de Pamplona inaugura el Pupitorio - Catedral de Pamplona<\/title>\n<meta name=\"robots\" content=\"index, follow, max-snippet:-1, max-image-preview:large, max-video-preview:-1\" \/>\n<link rel=\"canonical\" href=\"https:\/\/www.catedraldepamplona.com\/categoria\/museo-catedral-pamplona-inaugura-pulpitorio\/\" \/>\n<meta property=\"og:locale\" content=\"en_US\" \/>\n<meta property=\"og:type\" content=\"article\" \/>\n<meta property=\"og:title\" content=\"El Museo Catedral de Pamplona inaugura el Pupitorio - Catedral de Pamplona\" \/>\n<meta property=\"og:description\" content=\"El Museo Catedral de Pamplona ha inaugurado esta semana el Pupitorio, un espacio dentro del Refectorio que ir\u00e1 mostrando la cobertura period\u00edstica de la Catedral de Pamplona a lo largo de los a\u00f1os. La muestra se abre con la investigaci\u00f3n period\u00edstica del diario \u201cAHORA\u201d sobre uno de los sucesos sacr\u00edlegos m\u00e1s audaces en la historia de Espa\u00f1a: el robo del tesoro de la Catedral Santa Mar\u00eda la Real de Pamplona. El 10 de agosto de 1935, el mexicano Jos\u00e9 Oviedo de la Mota y su acompa\u00f1ante, el Italiano Ferdinando Papaelo sustrajeron, adem\u00e1s de c\u00e1lices o la corona de la Virgen entre otras piezas, dos joyas de incalculable valor: la reliquia del Lignum Crucis y la arqueta de Leyre. El Pupitorio, historia de la catedral Con el \u201cPupitorio\u201d, la Catedral muestra una vez m\u00e1s que sus pasajes est\u00e1n llenos de historias interesantes por contar y se invita a los visitantes a adentrarse en la historia del hurto, d\u00e1ndole el toque m\u00e1gico de descubrir el pasado dentro de la misma edificaci\u00f3n donde todo ha sucedido.\" \/>\n<meta property=\"og:url\" content=\"https:\/\/www.catedraldepamplona.com\/categoria\/museo-catedral-pamplona-inaugura-pulpitorio\/\" \/>\n<meta property=\"og:site_name\" content=\"Catedral de Pamplona\" \/>\n<meta property=\"article:published_time\" content=\"2016-09-22T10:33:30+00:00\" \/>\n<meta property=\"og:image\" content=\"https:\/\/www.catedraldepamplona.com\/wp-content\/uploads\/2016\/08\/IMG_6184.jpg\" \/>\n<meta name=\"author\" content=\"catedral\" \/>\n<meta name=\"twitter:card\" content=\"summary_large_image\" \/>\n<meta name=\"twitter:label1\" content=\"Written by\" \/>\n\t<meta name=\"twitter:data1\" content=\"catedral\" \/>\n\t<meta name=\"twitter:label2\" content=\"Est. reading time\" \/>\n\t<meta name=\"twitter:data2\" content=\"1 minute\" \/>\n<script type=\"application\/ld+json\" class=\"yoast-schema-graph\">{\"@context\":\"https:\/\/schema.org\",\"@graph\":[{\"@type\":\"WebPage\",\"@id\":\"https:\/\/www.catedraldepamplona.com\/categoria\/museo-catedral-pamplona-inaugura-pulpitorio\/\",\"url\":\"https:\/\/www.catedraldepamplona.com\/categoria\/museo-catedral-pamplona-inaugura-pulpitorio\/\",\"name\":\"El Museo Catedral de Pamplona inaugura el Pupitorio - Catedral de Pamplona\",\"isPartOf\":{\"@id\":\"https:\/\/www.catedraldepamplona.com\/#website\"},\"datePublished\":\"2016-09-22T10:33:30+00:00\",\"dateModified\":\"2016-09-22T10:33:30+00:00\",\"author\":{\"@id\":\"https:\/\/www.catedraldepamplona.com\/#\/schema\/person\/8ac1d7dcf2f1b55f72889e7ec3ea8043\"},\"breadcrumb\":{\"@id\":\"https:\/\/www.catedraldepamplona.com\/categoria\/museo-catedral-pamplona-inaugura-pulpitorio\/#breadcrumb\"},\"inLanguage\":\"en-US\",\"potentialAction\":[{\"@type\":\"ReadAction\",\"target\":[\"https:\/\/www.catedraldepamplona.com\/categoria\/museo-catedral-pamplona-inaugura-pulpitorio\/\"]}]},{\"@type\":\"BreadcrumbList\",\"@id\":\"https:\/\/www.catedraldepamplona.com\/categoria\/museo-catedral-pamplona-inaugura-pulpitorio\/#breadcrumb\",\"itemListElement\":[{\"@type\":\"ListItem\",\"position\":1,\"name\":\"Portada\",\"item\":\"https:\/\/www.catedraldepamplona.com\/en\/\"},{\"@type\":\"ListItem\",\"position\":2,\"name\":\"El Museo Catedral de Pamplona inaugura el Pupitorio\"}]},{\"@type\":\"WebSite\",\"@id\":\"https:\/\/www.catedraldepamplona.com\/#website\",\"url\":\"https:\/\/www.catedraldepamplona.com\/\",\"name\":\"Catedral de Pamplona\",\"description\":\"P\u00e1gina oficial de la Catedral de Pamplona\",\"potentialAction\":[{\"@type\":\"SearchAction\",\"target\":{\"@type\":\"EntryPoint\",\"urlTemplate\":\"https:\/\/www.catedraldepamplona.com\/?s={search_term_string}\"},\"query-input\":\"required name=search_term_string\"}],\"inLanguage\":\"en-US\"},{\"@type\":\"Person\",\"@id\":\"https:\/\/www.catedraldepamplona.com\/#\/schema\/person\/8ac1d7dcf2f1b55f72889e7ec3ea8043\",\"name\":\"catedral\",\"image\":{\"@type\":\"ImageObject\",\"inLanguage\":\"en-US\",\"@id\":\"https:\/\/www.catedraldepamplona.com\/#\/schema\/person\/image\/\",\"url\":\"https:\/\/secure.gravatar.com\/avatar\/b4968c4e1c867b5dca91dcc4e733aa71?s=96&d=mm&r=g\",\"contentUrl\":\"https:\/\/secure.gravatar.com\/avatar\/b4968c4e1c867b5dca91dcc4e733aa71?s=96&d=mm&r=g\",\"caption\":\"catedral\"},\"url\":\"https:\/\/www.catedraldepamplona.com\/en\/author\/catedral\/\"}]}<\/script>\n<!-- \/ Yoast SEO plugin. -->","yoast_head_json":{"title":"El Museo Catedral de Pamplona inaugura el Pupitorio - Catedral de Pamplona","robots":{"index":"index","follow":"follow","max-snippet":"max-snippet:-1","max-image-preview":"max-image-preview:large","max-video-preview":"max-video-preview:-1"},"canonical":"https:\/\/www.catedraldepamplona.com\/categoria\/museo-catedral-pamplona-inaugura-pulpitorio\/","og_locale":"en_US","og_type":"article","og_title":"El Museo Catedral de Pamplona inaugura el Pupitorio - Catedral de Pamplona","og_description":"El Museo Catedral de Pamplona ha inaugurado esta semana el Pupitorio, un espacio dentro del Refectorio que ir\u00e1 mostrando la cobertura period\u00edstica de la Catedral de Pamplona a lo largo de los a\u00f1os. La muestra se abre con la investigaci\u00f3n period\u00edstica del diario \u201cAHORA\u201d sobre uno de los sucesos sacr\u00edlegos m\u00e1s audaces en la historia de Espa\u00f1a: el robo del tesoro de la Catedral Santa Mar\u00eda la Real de Pamplona. El 10 de agosto de 1935, el mexicano Jos\u00e9 Oviedo de la Mota y su acompa\u00f1ante, el Italiano Ferdinando Papaelo sustrajeron, adem\u00e1s de c\u00e1lices o la corona de la Virgen entre otras piezas, dos joyas de incalculable valor: la reliquia del Lignum Crucis y la arqueta de Leyre. El Pupitorio, historia de la catedral Con el \u201cPupitorio\u201d, la Catedral muestra una vez m\u00e1s que sus pasajes est\u00e1n llenos de historias interesantes por contar y se invita a los visitantes a adentrarse en la historia del hurto, d\u00e1ndole el toque m\u00e1gico de descubrir el pasado dentro de la misma edificaci\u00f3n donde todo ha sucedido.","og_url":"https:\/\/www.catedraldepamplona.com\/categoria\/museo-catedral-pamplona-inaugura-pulpitorio\/","og_site_name":"Catedral de Pamplona","article_published_time":"2016-09-22T10:33:30+00:00","og_image":[{"url":"https:\/\/www.catedraldepamplona.com\/wp-content\/uploads\/2016\/08\/IMG_6184.jpg"}],"author":"catedral","twitter_card":"summary_large_image","twitter_misc":{"Written by":"catedral","Est. reading time":"1 minute"},"schema":{"@context":"https:\/\/schema.org","@graph":[{"@type":"WebPage","@id":"https:\/\/www.catedraldepamplona.com\/categoria\/museo-catedral-pamplona-inaugura-pulpitorio\/","url":"https:\/\/www.catedraldepamplona.com\/categoria\/museo-catedral-pamplona-inaugura-pulpitorio\/","name":"El Museo Catedral de Pamplona inaugura el Pupitorio - Catedral de Pamplona","isPartOf":{"@id":"https:\/\/www.catedraldepamplona.com\/#website"},"datePublished":"2016-09-22T10:33:30+00:00","dateModified":"2016-09-22T10:33:30+00:00","author":{"@id":"https:\/\/www.catedraldepamplona.com\/#\/schema\/person\/8ac1d7dcf2f1b55f72889e7ec3ea8043"},"breadcrumb":{"@id":"https:\/\/www.catedraldepamplona.com\/categoria\/museo-catedral-pamplona-inaugura-pulpitorio\/#breadcrumb"},"inLanguage":"en-US","potentialAction":[{"@type":"ReadAction","target":["https:\/\/www.catedraldepamplona.com\/categoria\/museo-catedral-pamplona-inaugura-pulpitorio\/"]}]},{"@type":"BreadcrumbList","@id":"https:\/\/www.catedraldepamplona.com\/categoria\/museo-catedral-pamplona-inaugura-pulpitorio\/#breadcrumb","itemListElement":[{"@type":"ListItem","position":1,"name":"Portada","item":"https:\/\/www.catedraldepamplona.com\/en\/"},{"@type":"ListItem","position":2,"name":"El Museo Catedral de Pamplona inaugura el Pupitorio"}]},{"@type":"WebSite","@id":"https:\/\/www.catedraldepamplona.com\/#website","url":"https:\/\/www.catedraldepamplona.com\/","name":"Catedral de Pamplona","description":"P\u00e1gina oficial de la Catedral de Pamplona","potentialAction":[{"@type":"SearchAction","target":{"@type":"EntryPoint","urlTemplate":"https:\/\/www.catedraldepamplona.com\/?s={search_term_string}"},"query-input":"required name=search_term_string"}],"inLanguage":"en-US"},{"@type":"Person","@id":"https:\/\/www.catedraldepamplona.com\/#\/schema\/person\/8ac1d7dcf2f1b55f72889e7ec3ea8043","name":"catedral","image":{"@type":"ImageObject","inLanguage":"en-US","@id":"https:\/\/www.catedraldepamplona.com\/#\/schema\/person\/image\/","url":"https:\/\/secure.gravatar.com\/avatar\/b4968c4e1c867b5dca91dcc4e733aa71?s=96&d=mm&r=g","contentUrl":"https:\/\/secure.gravatar.com\/avatar\/b4968c4e1c867b5dca91dcc4e733aa71?s=96&d=mm&r=g","caption":"catedral"},"url":"https:\/\/www.catedraldepamplona.com\/en\/author\/catedral\/"}]}},"_links":{"self":[{"href":"https:\/\/www.catedraldepamplona.com\/en\/wp-json\/wp\/v2\/posts\/1370"}],"collection":[{"href":"https:\/\/www.catedraldepamplona.com\/en\/wp-json\/wp\/v2\/posts"}],"about":[{"href":"https:\/\/www.catedraldepamplona.com\/en\/wp-json\/wp\/v2\/types\/post"}],"author":[{"embeddable":true,"href":"https:\/\/www.catedraldepamplona.com\/en\/wp-json\/wp\/v2\/users\/1"}],"replies":[{"embeddable":true,"href":"https:\/\/www.catedraldepamplona.com\/en\/wp-json\/wp\/v2\/comments?post=1370"}],"version-history":[{"count":1,"href":"https:\/\/www.catedraldepamplona.com\/en\/wp-json\/wp\/v2\/posts\/1370\/revisions"}],"predecessor-version":[{"id":1371,"href":"https:\/\/www.catedraldepamplona.com\/en\/wp-json\/wp\/v2\/posts\/1370\/revisions\/1371"}],"wp:attachment":[{"href":"https:\/\/www.catedraldepamplona.com\/en\/wp-json\/wp\/v2\/media?parent=1370"}],"wp:term":[{"taxonomy":"category","embeddable":true,"href":"https:\/\/www.catedraldepamplona.com\/en\/wp-json\/wp\/v2\/categories?post=1370"},{"taxonomy":"post_tag","embeddable":true,"href":"https:\/\/www.catedraldepamplona.com\/en\/wp-json\/wp\/v2\/tags?post=1370"}],"curies":[{"name":"wp","href":"https:\/\/api.w.org\/{rel}","templated":true}]}}