{"id":1367,"date":"2016-09-22T10:33:13","date_gmt":"2016-09-22T10:33:13","guid":{"rendered":"https:\/\/www.catedraldepamplona.com\/en\/?p=1367"},"modified":"2016-09-22T10:33:13","modified_gmt":"2016-09-22T10:33:13","slug":"la-catedral-pamplona-estrena-nueva-web","status":"publish","type":"post","link":"https:\/\/www.catedraldepamplona.com\/en\/categoria\/la-catedral-pamplona-estrena-nueva-web\/","title":{"rendered":"La catedral de Pamplona estrena nueva web"},"content":{"rendered":"<p>M\u00e1s visual, totalmente renovada en sus contenidos y adaptada a cualquier dispositivo. As\u00ed es la nueva p\u00e1gina web de la\u00a0catedral de Pamplona que busca difundir y acercar a los usuarios de un modo m\u00e1s atractivo, actualizado y \u00fatil los tesoros que se encuentran entre los muros del conjunto catedralicio.<\/p>\n<p>La web, que estar\u00e1 pr\u00f3ximamente tambi\u00e9n en euskera, ingl\u00e9s y franc\u00e9s, presenta varias novedades con respecto a la anterior versi\u00f3n. La p\u00e1gina principal abre con las espectaculares im\u00e1genes a\u00e9reas e in\u00e9ditas del \u201cdocudr\u00f3n\u201d. En las secciones interiores, el usuario puede encontrar nuevos contenidos como el blog <a href=\"https:\/\/www.catedraldepamplona.com\/category\/atrio-vecindad\/\" target=\"_blank\">\u201cAtrio de vecindad\u201d<\/a> o la galer\u00eda fotogr\u00e1fica, \u201cLa\u00a0catedral\u00a0ins\u00f3lita\u201d.<\/p>\n<h2>Nuevas secciones<\/h2>\n<p>Las secciones se dividen en\u00a0Catedral, Museo, Fotos, V\u00eddeos, D\u00f3nde estamos, Contacto y Actualidad.<br \/>\nEn la secci\u00f3n\u00a0Catedral\u00a0se encuentran los contenidos de car\u00e1cter religioso como los horarios de culto, el columbario, el cabildo catedralicio o el Camino de Santiago. En la secci\u00f3n del Museo, se han desarrollado nuevos apartados como Nombres propios, la\u00a0Catedral\u00a0Infantil, Diccionario o Eventos MICE que se vienen a sumar a la webcam o a la informaci\u00f3n de utilidad como los horarios y las tarifas.<\/p>\n<p>Una de las principales apuestas de la nueva web es la primac\u00eda de lo audiovisual. Por eso, la secci\u00f3n Fotos incorpora galer\u00edas que despertar\u00e1n la curiosidad del usuario como \u201cLa\u00a0catedral\u00a0ins\u00f3lita\u201d y \u201cVentana al pasado\u201d. Asimismo, se ha desarrollado una nueva secci\u00f3n con <a href=\"https:\/\/www.catedraldepamplona.com\/multimedia\/videos\/\" target=\"_blank\">v\u00eddeos<\/a> relacionados con la\u00a0catedral como Las campanas de la\u00a0catedral\u00a0o La\u00a0 catedralinfantil.\u00a0En los contenidos propios, el blog \u201cAtrio de vecindad\u201d se suma a la actualidad que genera en forma de\u00a0noticias\u00a0la\u00a0catedral\u00a0y el museo de la\u00a0catedral.<\/p>\n<p>En definitiva, un nuevo portal web que acerca de un modo \u00fatil y visual uno de los edificios m\u00e1s emblem\u00e1ticos de Pamplona, transmitiendo en la medida de lo posible la misma sensaci\u00f3n de calma y deslumbramiento que se experimenta al adentrarse por la fachada neocl\u00e1sica de la\u00a0catedral.La apuesta por conectar el conjunto catedralicio con los usuarios se completa con la presencia digital de la\u00a0catedral\u00a0de Pamplona en las principales redes sociales como Facebook, Twitter e Instagram, donde cuenta con m\u00e1s de 4.500 seguidores.<\/p>\n","protected":false},"excerpt":{"rendered":"<p>M\u00e1s visual, totalmente renovada en sus contenidos y adaptada a cualquier dispositivo. As\u00ed es la nueva p\u00e1gina web de la\u00a0catedral de Pamplona que busca difundir y acercar a los usuarios de un modo m\u00e1s atractivo, actualizado y \u00fatil los tesoros que se encuentran entre los muros del conjunto catedralicio. La web, que estar\u00e1 pr\u00f3ximamente tambi\u00e9n en euskera, ingl\u00e9s y franc\u00e9s, presenta varias novedades con respecto a la anterior versi\u00f3n. La p\u00e1gina principal abre con las espectaculares im\u00e1genes a\u00e9reas e in\u00e9ditas del \u201cdocudr\u00f3n\u201d. En las secciones interiores, el usuario puede encontrar nuevos contenidos como el blog \u201cAtrio de vecindad\u201d o la galer\u00eda fotogr\u00e1fica, \u201cLa\u00a0catedral\u00a0ins\u00f3lita\u201d. Nuevas secciones Las secciones se dividen en\u00a0Catedral, Museo, Fotos, V\u00eddeos, D\u00f3nde estamos, Contacto y Actualidad. En la secci\u00f3n\u00a0Catedral\u00a0se encuentran los contenidos de car\u00e1cter religioso como los horarios de culto, el columbario, el cabildo catedralicio o el Camino de Santiago. En la secci\u00f3n del Museo, se han desarrollado nuevos apartados como Nombres propios, la\u00a0Catedral\u00a0Infantil, Diccionario o Eventos MICE que se vienen a sumar a la webcam o a la informaci\u00f3n de utilidad como los horarios y las tarifas. Una de las principales apuestas de la nueva web es la primac\u00eda de lo audiovisual. Por eso, la secci\u00f3n Fotos [&hellip;]<\/p>\n","protected":false},"author":1,"featured_media":0,"comment_status":"closed","ping_status":"closed","sticky":false,"template":"","format":"standard","meta":{"_monsterinsights_skip_tracking":false,"_monsterinsights_sitenote_active":false,"_monsterinsights_sitenote_note":"","_monsterinsights_sitenote_category":0},"categories":[5],"tags":[],"yoast_head":"<!-- This site is optimized with the Yoast SEO plugin v21.0 - https:\/\/yoast.com\/wordpress\/plugins\/seo\/ -->\n<title>La catedral de Pamplona estrena nueva web - Catedral de Pamplona<\/title>\n<meta name=\"robots\" content=\"index, follow, max-snippet:-1, max-image-preview:large, max-video-preview:-1\" \/>\n<link rel=\"canonical\" href=\"https:\/\/www.catedraldepamplona.com\/categoria\/la-catedral-pamplona-estrena-nueva-web\/\" \/>\n<meta property=\"og:locale\" content=\"en_US\" \/>\n<meta property=\"og:type\" content=\"article\" \/>\n<meta property=\"og:title\" content=\"La catedral de Pamplona estrena nueva web - Catedral de Pamplona\" \/>\n<meta property=\"og:description\" content=\"M\u00e1s visual, totalmente renovada en sus contenidos y adaptada a cualquier dispositivo. As\u00ed es la nueva p\u00e1gina web de la\u00a0catedral de Pamplona que busca difundir y acercar a los usuarios de un modo m\u00e1s atractivo, actualizado y \u00fatil los tesoros que se encuentran entre los muros del conjunto catedralicio. La web, que estar\u00e1 pr\u00f3ximamente tambi\u00e9n en euskera, ingl\u00e9s y franc\u00e9s, presenta varias novedades con respecto a la anterior versi\u00f3n. La p\u00e1gina principal abre con las espectaculares im\u00e1genes a\u00e9reas e in\u00e9ditas del \u201cdocudr\u00f3n\u201d. En las secciones interiores, el usuario puede encontrar nuevos contenidos como el blog \u201cAtrio de vecindad\u201d o la galer\u00eda fotogr\u00e1fica, \u201cLa\u00a0catedral\u00a0ins\u00f3lita\u201d. Nuevas secciones Las secciones se dividen en\u00a0Catedral, Museo, Fotos, V\u00eddeos, D\u00f3nde estamos, Contacto y Actualidad. En la secci\u00f3n\u00a0Catedral\u00a0se encuentran los contenidos de car\u00e1cter religioso como los horarios de culto, el columbario, el cabildo catedralicio o el Camino de Santiago. En la secci\u00f3n del Museo, se han desarrollado nuevos apartados como Nombres propios, la\u00a0Catedral\u00a0Infantil, Diccionario o Eventos MICE que se vienen a sumar a la webcam o a la informaci\u00f3n de utilidad como los horarios y las tarifas. Una de las principales apuestas de la nueva web es la primac\u00eda de lo audiovisual. Por eso, la secci\u00f3n Fotos [&hellip;]\" \/>\n<meta property=\"og:url\" content=\"https:\/\/www.catedraldepamplona.com\/categoria\/la-catedral-pamplona-estrena-nueva-web\/\" \/>\n<meta property=\"og:site_name\" content=\"Catedral de Pamplona\" \/>\n<meta property=\"article:published_time\" content=\"2016-09-22T10:33:13+00:00\" \/>\n<meta name=\"author\" content=\"catedral\" \/>\n<meta name=\"twitter:card\" content=\"summary_large_image\" \/>\n<meta name=\"twitter:label1\" content=\"Written by\" \/>\n\t<meta name=\"twitter:data1\" content=\"catedral\" \/>\n\t<meta name=\"twitter:label2\" content=\"Est. reading time\" \/>\n\t<meta name=\"twitter:data2\" content=\"2 minutes\" \/>\n<script type=\"application\/ld+json\" class=\"yoast-schema-graph\">{\"@context\":\"https:\/\/schema.org\",\"@graph\":[{\"@type\":\"WebPage\",\"@id\":\"https:\/\/www.catedraldepamplona.com\/categoria\/la-catedral-pamplona-estrena-nueva-web\/\",\"url\":\"https:\/\/www.catedraldepamplona.com\/categoria\/la-catedral-pamplona-estrena-nueva-web\/\",\"name\":\"La catedral de Pamplona estrena nueva web - Catedral de Pamplona\",\"isPartOf\":{\"@id\":\"https:\/\/www.catedraldepamplona.com\/#website\"},\"datePublished\":\"2016-09-22T10:33:13+00:00\",\"dateModified\":\"2016-09-22T10:33:13+00:00\",\"author\":{\"@id\":\"https:\/\/www.catedraldepamplona.com\/#\/schema\/person\/8ac1d7dcf2f1b55f72889e7ec3ea8043\"},\"breadcrumb\":{\"@id\":\"https:\/\/www.catedraldepamplona.com\/categoria\/la-catedral-pamplona-estrena-nueva-web\/#breadcrumb\"},\"inLanguage\":\"en-US\",\"potentialAction\":[{\"@type\":\"ReadAction\",\"target\":[\"https:\/\/www.catedraldepamplona.com\/categoria\/la-catedral-pamplona-estrena-nueva-web\/\"]}]},{\"@type\":\"BreadcrumbList\",\"@id\":\"https:\/\/www.catedraldepamplona.com\/categoria\/la-catedral-pamplona-estrena-nueva-web\/#breadcrumb\",\"itemListElement\":[{\"@type\":\"ListItem\",\"position\":1,\"name\":\"Portada\",\"item\":\"https:\/\/www.catedraldepamplona.com\/en\/\"},{\"@type\":\"ListItem\",\"position\":2,\"name\":\"La catedral de Pamplona estrena nueva web\"}]},{\"@type\":\"WebSite\",\"@id\":\"https:\/\/www.catedraldepamplona.com\/#website\",\"url\":\"https:\/\/www.catedraldepamplona.com\/\",\"name\":\"Catedral de Pamplona\",\"description\":\"P\u00e1gina oficial de la Catedral de Pamplona\",\"potentialAction\":[{\"@type\":\"SearchAction\",\"target\":{\"@type\":\"EntryPoint\",\"urlTemplate\":\"https:\/\/www.catedraldepamplona.com\/?s={search_term_string}\"},\"query-input\":\"required name=search_term_string\"}],\"inLanguage\":\"en-US\"},{\"@type\":\"Person\",\"@id\":\"https:\/\/www.catedraldepamplona.com\/#\/schema\/person\/8ac1d7dcf2f1b55f72889e7ec3ea8043\",\"name\":\"catedral\",\"image\":{\"@type\":\"ImageObject\",\"inLanguage\":\"en-US\",\"@id\":\"https:\/\/www.catedraldepamplona.com\/#\/schema\/person\/image\/\",\"url\":\"https:\/\/secure.gravatar.com\/avatar\/b4968c4e1c867b5dca91dcc4e733aa71?s=96&d=mm&r=g\",\"contentUrl\":\"https:\/\/secure.gravatar.com\/avatar\/b4968c4e1c867b5dca91dcc4e733aa71?s=96&d=mm&r=g\",\"caption\":\"catedral\"},\"url\":\"https:\/\/www.catedraldepamplona.com\/en\/author\/catedral\/\"}]}<\/script>\n<!-- \/ Yoast SEO plugin. -->","yoast_head_json":{"title":"La catedral de Pamplona estrena nueva web - Catedral de Pamplona","robots":{"index":"index","follow":"follow","max-snippet":"max-snippet:-1","max-image-preview":"max-image-preview:large","max-video-preview":"max-video-preview:-1"},"canonical":"https:\/\/www.catedraldepamplona.com\/categoria\/la-catedral-pamplona-estrena-nueva-web\/","og_locale":"en_US","og_type":"article","og_title":"La catedral de Pamplona estrena nueva web - Catedral de Pamplona","og_description":"M\u00e1s visual, totalmente renovada en sus contenidos y adaptada a cualquier dispositivo. As\u00ed es la nueva p\u00e1gina web de la\u00a0catedral de Pamplona que busca difundir y acercar a los usuarios de un modo m\u00e1s atractivo, actualizado y \u00fatil los tesoros que se encuentran entre los muros del conjunto catedralicio. La web, que estar\u00e1 pr\u00f3ximamente tambi\u00e9n en euskera, ingl\u00e9s y franc\u00e9s, presenta varias novedades con respecto a la anterior versi\u00f3n. La p\u00e1gina principal abre con las espectaculares im\u00e1genes a\u00e9reas e in\u00e9ditas del \u201cdocudr\u00f3n\u201d. En las secciones interiores, el usuario puede encontrar nuevos contenidos como el blog \u201cAtrio de vecindad\u201d o la galer\u00eda fotogr\u00e1fica, \u201cLa\u00a0catedral\u00a0ins\u00f3lita\u201d. Nuevas secciones Las secciones se dividen en\u00a0Catedral, Museo, Fotos, V\u00eddeos, D\u00f3nde estamos, Contacto y Actualidad. En la secci\u00f3n\u00a0Catedral\u00a0se encuentran los contenidos de car\u00e1cter religioso como los horarios de culto, el columbario, el cabildo catedralicio o el Camino de Santiago. En la secci\u00f3n del Museo, se han desarrollado nuevos apartados como Nombres propios, la\u00a0Catedral\u00a0Infantil, Diccionario o Eventos MICE que se vienen a sumar a la webcam o a la informaci\u00f3n de utilidad como los horarios y las tarifas. Una de las principales apuestas de la nueva web es la primac\u00eda de lo audiovisual. Por eso, la secci\u00f3n Fotos [&hellip;]","og_url":"https:\/\/www.catedraldepamplona.com\/categoria\/la-catedral-pamplona-estrena-nueva-web\/","og_site_name":"Catedral de Pamplona","article_published_time":"2016-09-22T10:33:13+00:00","author":"catedral","twitter_card":"summary_large_image","twitter_misc":{"Written by":"catedral","Est. reading time":"2 minutes"},"schema":{"@context":"https:\/\/schema.org","@graph":[{"@type":"WebPage","@id":"https:\/\/www.catedraldepamplona.com\/categoria\/la-catedral-pamplona-estrena-nueva-web\/","url":"https:\/\/www.catedraldepamplona.com\/categoria\/la-catedral-pamplona-estrena-nueva-web\/","name":"La catedral de Pamplona estrena nueva web - Catedral de Pamplona","isPartOf":{"@id":"https:\/\/www.catedraldepamplona.com\/#website"},"datePublished":"2016-09-22T10:33:13+00:00","dateModified":"2016-09-22T10:33:13+00:00","author":{"@id":"https:\/\/www.catedraldepamplona.com\/#\/schema\/person\/8ac1d7dcf2f1b55f72889e7ec3ea8043"},"breadcrumb":{"@id":"https:\/\/www.catedraldepamplona.com\/categoria\/la-catedral-pamplona-estrena-nueva-web\/#breadcrumb"},"inLanguage":"en-US","potentialAction":[{"@type":"ReadAction","target":["https:\/\/www.catedraldepamplona.com\/categoria\/la-catedral-pamplona-estrena-nueva-web\/"]}]},{"@type":"BreadcrumbList","@id":"https:\/\/www.catedraldepamplona.com\/categoria\/la-catedral-pamplona-estrena-nueva-web\/#breadcrumb","itemListElement":[{"@type":"ListItem","position":1,"name":"Portada","item":"https:\/\/www.catedraldepamplona.com\/en\/"},{"@type":"ListItem","position":2,"name":"La catedral de Pamplona estrena nueva web"}]},{"@type":"WebSite","@id":"https:\/\/www.catedraldepamplona.com\/#website","url":"https:\/\/www.catedraldepamplona.com\/","name":"Catedral de Pamplona","description":"P\u00e1gina oficial de la Catedral de Pamplona","potentialAction":[{"@type":"SearchAction","target":{"@type":"EntryPoint","urlTemplate":"https:\/\/www.catedraldepamplona.com\/?s={search_term_string}"},"query-input":"required name=search_term_string"}],"inLanguage":"en-US"},{"@type":"Person","@id":"https:\/\/www.catedraldepamplona.com\/#\/schema\/person\/8ac1d7dcf2f1b55f72889e7ec3ea8043","name":"catedral","image":{"@type":"ImageObject","inLanguage":"en-US","@id":"https:\/\/www.catedraldepamplona.com\/#\/schema\/person\/image\/","url":"https:\/\/secure.gravatar.com\/avatar\/b4968c4e1c867b5dca91dcc4e733aa71?s=96&d=mm&r=g","contentUrl":"https:\/\/secure.gravatar.com\/avatar\/b4968c4e1c867b5dca91dcc4e733aa71?s=96&d=mm&r=g","caption":"catedral"},"url":"https:\/\/www.catedraldepamplona.com\/en\/author\/catedral\/"}]}},"_links":{"self":[{"href":"https:\/\/www.catedraldepamplona.com\/en\/wp-json\/wp\/v2\/posts\/1367"}],"collection":[{"href":"https:\/\/www.catedraldepamplona.com\/en\/wp-json\/wp\/v2\/posts"}],"about":[{"href":"https:\/\/www.catedraldepamplona.com\/en\/wp-json\/wp\/v2\/types\/post"}],"author":[{"embeddable":true,"href":"https:\/\/www.catedraldepamplona.com\/en\/wp-json\/wp\/v2\/users\/1"}],"replies":[{"embeddable":true,"href":"https:\/\/www.catedraldepamplona.com\/en\/wp-json\/wp\/v2\/comments?post=1367"}],"version-history":[{"count":1,"href":"https:\/\/www.catedraldepamplona.com\/en\/wp-json\/wp\/v2\/posts\/1367\/revisions"}],"predecessor-version":[{"id":1368,"href":"https:\/\/www.catedraldepamplona.com\/en\/wp-json\/wp\/v2\/posts\/1367\/revisions\/1368"}],"wp:attachment":[{"href":"https:\/\/www.catedraldepamplona.com\/en\/wp-json\/wp\/v2\/media?parent=1367"}],"wp:term":[{"taxonomy":"category","embeddable":true,"href":"https:\/\/www.catedraldepamplona.com\/en\/wp-json\/wp\/v2\/categories?post=1367"},{"taxonomy":"post_tag","embeddable":true,"href":"https:\/\/www.catedraldepamplona.com\/en\/wp-json\/wp\/v2\/tags?post=1367"}],"curies":[{"name":"wp","href":"https:\/\/api.w.org\/{rel}","templated":true}]}}